{"id":46285,"date":"2020-12-01T18:48:00","date_gmt":"2020-12-01T17:48:00","guid":{"rendered":"https:\/\/newimages-hub.com\/les-experiences-immersives-pour-panser-le-futur\/"},"modified":"2020-12-10T19:01:15","modified_gmt":"2020-12-10T18:01:15","slug":"les-experiences-immersives-pour-panser-le-futur","status":"publish","type":"post","link":"https:\/\/newimages-hub.com\/en\/les-experiences-immersives-pour-panser-le-futur\/","title":{"rendered":"[FR] Les exp\u00e9riences immersives pour panser le futur"},"content":{"rendered":"\n<h3 class=\"wp-block-heading\">Lorsque nous pensons au futur, nous affichons rarement un sourire radieux. Les optimistes \u00e0 propos du monde qui sera le n\u00f4tre dans les cinquante prochaines ann\u00e9es sont de plus en plus rares. Nous avons pourtant le pouvoir de changer les choses pour panser notre futur et cr\u00e9er les conditions d\u2019un avenir meilleur. Et des exp\u00e9riences immersives s\u2019y attellent d\u00e9j\u00e0 !<\/h3>\n\n\n\n<div style=\"height:25px\" aria-hidden=\"true\" class=\"wp-block-spacer\"><\/div>\n\n\n\n<h6 class=\"wp-block-heading\"><mark class=\"ghostkit-highlight\">\u2192 <span style=\"text-decoration: underline;\">IN FRENCH ONLY<\/span> \/\/ <em>Article initialement publi\u00e9 le 14 juillet 2020 sur <a href=\"https:\/\/uxmmersive.com\/\">UXmmersive<\/a>.<\/em> <\/mark><\/h6>\n\n\n\n<div style=\"height:25px\" aria-hidden=\"true\" class=\"wp-block-spacer\"><\/div>\n\n\n\n<p>Pour r\u00e9soudre des probl\u00e8mes plus complexes que jamais, il semble in\u00e9vitable d\u2019acc\u00e9l\u00e9rer les collaborations. Entre designers, artistes, scientifiques et entrepreneurs pour croiser les regards, les expertises et engager un mouvement. Dans un premier temps, il s\u2019agit principalement d\u2019acc\u00e9l\u00e9rer les prises de conscience des diff\u00e9rents acteurs qui composent la soci\u00e9t\u00e9 (\u00e9tats, citoyens, organisations) pour organiser massivement la prise d\u2019action. <a href=\"https:\/\/uxmmersive.com\/quest-ce-quune-experience-immersive\/\">Parce qu\u2019elles engagent des publics \u00e0 des niveaux cognitifs, \u00e9motionnels et sensoriels rarement atteints<\/a>, les exp\u00e9riences immersives sont un outil avec lequel nous pouvons compter.<\/p>\n\n\n\n<h2 class=\"wp-block-heading\">(Re)penser nos imaginaires<\/h2>\n\n\n\n<p>Avant de panser le futur, encore faut-il le penser. Or, penser un futur optimiste est d\u00e9j\u00e0 un exercice complexe ! Cyril Dion nous partageait, lors de la soir\u00e9e de lancement de la <a href=\"https:\/\/www.sparknews.com\/fabrique-des-recits\/\">Fabrique des R\u00e9cits<\/a> le 5 mars dernier, ce verbatim :<\/p>\n\n\n\n<div class=\"ghostkit-grid ghostkit-grid-gap-md\"><div class=\"ghostkit-grid-inner\">\n<div class=\"ghostkit-col ghostkit-col-lg-12 ghostkit-col-1 is-layout-flow wp-block-grid-column-is-layout-flow\"><div class=\"ghostkit-col-content\"><\/div><\/div>\n\n\n\n<div class=\"ghostkit-col ghostkit-col-lg-12 ghostkit-col-10\"><div class=\"ghostkit-col-content is-layout-flow wp-block-grid-column-is-layout-flow\">\n<p><span class=\"has-inline-color has-black-color\"><em>\u00ab Comment peut-on cr\u00e9er un futur souhaitable si nous n\u2019arrivons m\u00eame pas \u00e0 l\u2019imaginer ? \u00bb<\/em> <em>\u2014 Cyril Dion, le 5 mars dernier au lancement de la Fabrique des r\u00e9cits, Paris.<\/em><\/span><\/p>\n<\/div><\/div>\n\n\n\n<div class=\"ghostkit-col ghostkit-col-lg-12 ghostkit-col-1 is-layout-flow wp-block-grid-column-is-layout-flow\"><div class=\"ghostkit-col-content\"><\/div><\/div>\n<\/div><\/div>\n\n\n\n<div style=\"height:20px\" aria-hidden=\"true\" class=\"wp-block-spacer\"><\/div>\n\n\n\n<p>Le design fiction, aussi nomm\u00e9 design sp\u00e9culatif, design critique ou encore design pour d\u00e9battre, permet de questionner le pr\u00e9sent en proposant des visions alternatives du futur. Un moyen de sortir des cadres dominants de la pens\u00e9e pour voir et imaginer autre chose.<\/p>\n\n\n\n<p>Les designers Anthony Dunne et Fiona Raby utilisent cette approche \u00ab qu\u2019en sp\u00e9culant davantage, \u00e0 tous les niveaux de la soci\u00e9t\u00e9, et en explorant des sc\u00e9narios alternatifs, la r\u00e9alit\u00e9 deviendra plus mall\u00e9able, et bien que l\u2019avenir ne puisse \u00eatre pr\u00e9dit, nous pouvons aider \u00e0 mettre en place aujourd\u2019hui des facteurs qui augmenteront la probabilit\u00e9 que des futurs plus souhaitables se produisent \u00bb.<\/p>\n\n\n\n<p>Par exemple, la cr\u00e9ation de Patricia Piccinini, <em>The Young Family<\/em>, expose un futur fait de cr\u00e9atures transg\u00e9niques. Sans aucune indication, \u00e0 nous de nous faire notre propre id\u00e9e l\u00e0-dessus\u2026<\/p>\n\n\n\n<div class=\"wp-block-image\"><figure class=\"aligncenter size-large is-resized\"><img loading=\"lazy\" decoding=\"async\" src=\"https:\/\/newimages-hub.com\/wp-content\/uploads\/2020\/11\/The-Young-Family-Patricia-Piccinini-\u2014-Credits-Patricia-Piccinini.jpg\" alt=\"\" class=\"wp-image-46198\" width=\"1024\" height=\"846\" srcset=\"https:\/\/newimages-hub.com\/wp-content\/uploads\/2020\/11\/The-Young-Family-Patricia-Piccinini-\u2014-Credits-Patricia-Piccinini.jpg 1024w, https:\/\/newimages-hub.com\/wp-content\/uploads\/2020\/11\/The-Young-Family-Patricia-Piccinini-\u2014-Credits-Patricia-Piccinini-300x248.jpg 300w, https:\/\/newimages-hub.com\/wp-content\/uploads\/2020\/11\/The-Young-Family-Patricia-Piccinini-\u2014-Credits-Patricia-Piccinini-768x635.jpg 768w\" sizes=\"auto, (max-width: 1024px) 100vw, 1024px\" \/><figcaption><span class=\"has-inline-color has-darkgray-color\"><em>The Young Family<\/em> \u2013 Patricia Piccinini | Cr\u00e9dits : Patricia Piccinini<\/span><\/figcaption><\/figure><\/div>\n\n\n\n<p>Il ne s\u2019agit plus de faire preuve de cr\u00e9ativit\u00e9 pour concevoir des objets qui seront produits en masse pour une utilisation quotidienne et pratique. Cela rel\u00e8ve de la cr\u00e9ation d\u2019objets, des sc\u00e9narios, des situations qui d\u00e9rangent, interpellent et poussent \u00e0 la r\u00e9flexion. Ils cr\u00e9ent un nouvel espace propice \u00e0 l\u2019\u00e9mergence de nouveaux imaginaires.<\/p>\n\n\n\n<div style=\"height:20px\" aria-hidden=\"true\" class=\"wp-block-spacer\"><\/div>\n\n\n\n<div class=\"ghostkit-grid ghostkit-grid-gap-md\"><div class=\"ghostkit-grid-inner\">\n<div class=\"ghostkit-col ghostkit-col-lg-12 ghostkit-col-1 is-layout-flow wp-block-grid-column-is-layout-flow\"><div class=\"ghostkit-col-content\"><\/div><\/div>\n\n\n\n<div class=\"ghostkit-col ghostkit-col-lg-12 ghostkit-col-10\"><div class=\"ghostkit-col-content is-layout-flow wp-block-grid-column-is-layout-flow\">\n<h3 class=\"has-text-align-center wp-block-heading\"><strong>Au-del\u00e0 d\u2019agir sur nos imaginaires. Il nous faut repenser les approches pour toucher du doigt ces imaginaires.<\/strong><\/h3>\n<\/div><\/div>\n\n\n\n<div class=\"ghostkit-col ghostkit-col-lg-12 ghostkit-col-1 is-layout-flow wp-block-grid-column-is-layout-flow\"><div class=\"ghostkit-col-content\"><\/div><\/div>\n<\/div><\/div>\n\n\n\n<h2 class=\"wp-block-heading\">(Re)penser l\u2019exp\u00e9rience de l\u2019imaginaire<\/h2>\n\n\n\n<p>Au-del\u00e0 des objets con\u00e7us par des designers, des cr\u00e9ations plus contemporaines, nous propulsent directement dans des univers qui requestionnent le monde des futurs souhaitables. En cr\u00e9ant des installations plus immersives, au-del\u00e0 de la repr\u00e9sentation d\u2019un objet artistique, les designers partagent cette volont\u00e9 de nous mettre en mouvement. <a href=\"https:\/\/superflux.in\/index.php\/work\/mitigation-of-shock\/#\">L\u2019installation <em>Mitigation of Shock<\/em><\/a>, con\u00e7ue par le studio Superflux, nous immerge dans un appartement en 2050. Le changement climatique est \u00e0 l\u2019\u0153uvre et a transform\u00e9 notre lieu de vie en lieu de production essentiel pour survivre.<\/p>\n\n\n\n<figure class=\"wp-block-embed-vimeo wp-block-embed is-type-video is-provider-vimeo wp-embed-aspect-16-9 wp-has-aspect-ratio\"><div class=\"wp-block-embed__wrapper\">\n<iframe loading=\"lazy\" title=\"Mitigation of Shock\" src=\"https:\/\/player.vimeo.com\/video\/321703760?dnt=1&amp;app_id=122963\" width=\"1200\" height=\"675\" frameborder=\"0\" allow=\"autoplay; fullscreen\" allowfullscreen><\/iframe>\n<\/div><\/figure>\n\n\n\n<div style=\"height:30px\" aria-hidden=\"true\" class=\"wp-block-spacer\"><\/div>\n\n\n\n<p>Selon les cr\u00e9ateurs, ce format place \u00ab le visiteur face \u00e0 face \u2013 directement, \u00e9motionnellement, intellectuellement \u2013 avec l\u2019avenir de l\u2019instabilit\u00e9 climatique, de l\u2019ins\u00e9curit\u00e9 alimentaire, de la fragilit\u00e9 \u00e9conomique et politique, et de la fragmentation sociale \u00bb.<\/p>\n\n\n\n<div style=\"height:20px\" aria-hidden=\"true\" class=\"wp-block-spacer\"><\/div>\n\n\n\n<div class=\"ghostkit-grid ghostkit-grid-gap-md\"><div class=\"ghostkit-grid-inner\">\n<div class=\"ghostkit-col ghostkit-col-lg-12 ghostkit-col-1 is-layout-flow wp-block-grid-column-is-layout-flow\"><div class=\"ghostkit-col-content\"><\/div><\/div>\n\n\n\n<div class=\"ghostkit-col ghostkit-col-lg-12 ghostkit-col-10\"><div class=\"ghostkit-col-content is-layout-flow wp-block-grid-column-is-layout-flow\">\n<h3 class=\"has-text-align-center wp-block-heading\"><strong><strong>Il est n\u00e9cessaire d\u2019adopter des approches plus engageantes, qui nous font vivre le futur, qui nous le font exp\u00e9rimenter, pour mieux s\u2019y projeter.<\/strong><\/strong><\/h3>\n<\/div><\/div>\n\n\n\n<div class=\"ghostkit-col ghostkit-col-lg-12 ghostkit-col-1 is-layout-flow wp-block-grid-column-is-layout-flow\"><div class=\"ghostkit-col-content\"><\/div><\/div>\n<\/div><\/div>\n\n\n\n<div style=\"height:40px\" aria-hidden=\"true\" class=\"wp-block-spacer\"><\/div>\n\n\n\n<p>\u00c0 Rennes, <a href=\"https:\/\/www.leschampslibres.fr\/agenda\/expositions\/expositions-passees\/solastalgia\/\">l\u2019installation immersive <em>Solastalgia<\/em><\/a> d\u2019Antoine Viviani et Pierre-Alain Giraud plonge les participants dans un futur lointain : les humains ont disparu de la Terre. Il ne reste que des enregistrements des derniers humains, retranscrits sous forme d\u2019hologrammes. Les participants, en groupe de 6, se baladent, munis de casques de r\u00e9alit\u00e9 augment\u00e9e, dans un d\u00e9cor apocalyptique pour tenter d\u2019apercevoir ces fant\u00f4mes num\u00e9riques pendant 30 minutes.<\/p>\n\n\n\n<figure class=\"wp-block-image size-large\"><img loading=\"lazy\" decoding=\"async\" width=\"1024\" height=\"581\" src=\"https:\/\/newimages-hub.com\/wp-content\/uploads\/2020\/11\/Solastalgia-\u2013-Credits-Antoine-Viviani-Pierre-Alain-Giraud-1024x581.jpg\" alt=\"\" class=\"wp-image-46196\" srcset=\"https:\/\/newimages-hub.com\/wp-content\/uploads\/2020\/11\/Solastalgia-\u2013-Credits-Antoine-Viviani-Pierre-Alain-Giraud-1024x581.jpg 1024w, https:\/\/newimages-hub.com\/wp-content\/uploads\/2020\/11\/Solastalgia-\u2013-Credits-Antoine-Viviani-Pierre-Alain-Giraud-300x170.jpg 300w, https:\/\/newimages-hub.com\/wp-content\/uploads\/2020\/11\/Solastalgia-\u2013-Credits-Antoine-Viviani-Pierre-Alain-Giraud-768x436.jpg 768w, https:\/\/newimages-hub.com\/wp-content\/uploads\/2020\/11\/Solastalgia-\u2013-Credits-Antoine-Viviani-Pierre-Alain-Giraud.jpg 1536w\" sizes=\"auto, (max-width: 1024px) 100vw, 1024px\" \/><figcaption>Solastalgia \u2013 Cr\u00e9dits : Antoine Viviani, Pierre-Alain Giraud<\/figcaption><\/figure>\n\n\n\n<p>L\u2019exp\u00e9rience nous rapproche d\u2019une situation qui para\u00eet bien lointaine : la sixi\u00e8me extinction de masse et la disparition de notre civilisation. On y vit la phase post-civilisation humaine. Antoine Viviani d\u00e9clarait dans une interview avec le CNC :<\/p>\n\n\n\n<div class=\"ghostkit-grid ghostkit-grid-gap-md\"><div class=\"ghostkit-grid-inner\">\n<div class=\"ghostkit-col ghostkit-col-lg-12 ghostkit-col-1 is-layout-flow wp-block-grid-column-is-layout-flow\"><div class=\"ghostkit-col-content\"><\/div><\/div>\n\n\n\n<div class=\"ghostkit-col ghostkit-col-lg-12 ghostkit-col-10\"><div class=\"ghostkit-col-content is-layout-flow wp-block-grid-column-is-layout-flow\">\n<p><em>J\u2019imaginais vraiment, depuis le d\u00e9but, une exploration extraterrestre de la Terre, comme si on revenait dans un temps tellement lointain qu\u2019on ne se rend compte qu\u2019\u00e0 la fin qu\u2019on est dans le futur.<\/em> <em>\u2014 Antoine Viviani.<\/em><\/p>\n<\/div><\/div>\n\n\n\n<div class=\"ghostkit-col ghostkit-col-lg-12 ghostkit-col-1 is-layout-flow wp-block-grid-column-is-layout-flow\"><div class=\"ghostkit-col-content\"><\/div><\/div>\n<\/div><\/div>\n\n\n\n<div style=\"height:40px\" aria-hidden=\"true\" class=\"wp-block-spacer\"><\/div>\n\n\n\n<div class=\"ghostkit-grid ghostkit-grid-gap-md\"><div class=\"ghostkit-grid-inner\">\n<div class=\"ghostkit-col ghostkit-col-lg-12 ghostkit-col-1 is-layout-flow wp-block-grid-column-is-layout-flow\"><div class=\"ghostkit-col-content\"><\/div><\/div>\n\n\n\n<div class=\"ghostkit-col ghostkit-col-lg-12 ghostkit-col-10\"><div class=\"ghostkit-col-content is-layout-flow wp-block-grid-column-is-layout-flow\">\n<h3 class=\"wp-block-heading\"><strong>L\u2019installation devient un outil de m\u00e9diation en soi. Il n\u2019y pas de le\u00e7on, mais uniquement des interpr\u00e9tations possibles, orient\u00e9es sur le sensible.<\/strong><\/h3>\n\n\n\n<p><\/p>\n<\/div><\/div>\n\n\n\n<div class=\"ghostkit-col ghostkit-col-lg-12 ghostkit-col-1 is-layout-flow wp-block-grid-column-is-layout-flow\"><div class=\"ghostkit-col-content\"><\/div><\/div>\n<\/div><\/div>\n\n\n\n<div style=\"height:40px\" aria-hidden=\"true\" class=\"wp-block-spacer\"><\/div>\n\n\n\n<p>Comment r\u00e9agir face \u00e0 une telle exp\u00e9rience ? Que devrait-on ressentir : de la col\u00e8re ? Une forme d\u2019anxi\u00e9t\u00e9 ? De l\u2019angoisse ? On explore ici des \u00e9motions profondes, face \u00e0 des situations parfois impens\u00e9es ou du moins rarement v\u00e9cues. Elles renforcent notre volont\u00e9 d\u2019action pour ou contre l\u2019imaginaire qui nous est propos\u00e9. Il existe une volont\u00e9 de pouvoir cr\u00e9er des moments m\u00e9morables pour aider les participants \u00e0 ne pas s\u2019arr\u00eater \u00e0 l\u2019exp\u00e9rience, mais \u00e0 aller plus loin une fois l\u2019exp\u00e9rience finie. Le designer Luke Sturgeon, <a href=\"https:\/\/uxmmersive.com\/design-fiction-luke-sturgeon\/\">nous partageait il y a quelque temps sa volont\u00e9<\/a> de \u00ab chercher au contraire \u00e0 ce que mes cr\u00e9ations restent dans la t\u00eate des visiteurs, qu\u2019ils repartent avec beaucoup de questions ! \u00bb.<\/p>\n\n\n\n<p>Ces exp\u00e9riences immersives cr\u00e9ent en r\u00e9alit\u00e9 de nouveaux espaces de discussions avec des imaginaires. Et apr\u00e8s ? Apr\u00e8s il faut agir, et c\u2019est finalement la partie la plus importante. Penser le monde d\u2019apr\u00e8s, agir aujourd\u2019hui, pour vivre demain.<\/p>\n\n\n\n<h2 class=\"wp-block-heading\">(Re)penser nos modes d\u2019action des imaginaires<\/h2>\n\n\n\n<p>D\u2019une part, il faut r\u00e9ussir \u00e0 attirer tous les publics, y compris ceux qui ne se sentent pas \u00e9cout\u00e9s, entendus ou concern\u00e9s via des m\u00e9thodes inclusives. D\u2019autre part, il est n\u00e9cessaire d\u2019accompagner les publics dans la prise d\u2019action pour comprendre ce que l\u2019on peut faire \u00e0 son \u00e9chelle ; en tant qu\u2019organisation, pouvoir public ou citoyen.<\/p>\n\n\n\n<p>L\u2019exp\u00e9rience immersive du National Geographic, <em>Ocean: Encounter Odyssey<\/em>, nous avait surpris \u00e0 New York l\u2019an dernier. La premi\u00e8re partie est tr\u00e8s sensible et ravira les familles. La seconde partie nous donnait des cl\u00e9s pour sauver l\u2019oc\u00e9an \u00e0 l\u2019aide de dispositifs interactifs et de jeux. Dans la m\u00eame id\u00e9e, l\u2019escape game <a href=\"https:\/\/uxmmersive.com\/gaiactica-le-jeu-immersif-pour-sauver-la-terre-du-changement-climatique\/\"><em>Ga\u00efactica<\/em><\/a><em> <\/em>arrive aujourd\u2019hui \u00e0 r\u00e9unir grand public, scolaires et entreprises pour parler du d\u00e9r\u00e8glement climatique.<\/p>\n\n\n\n<figure class=\"wp-block-embed-youtube wp-block-embed is-type-video is-provider-youtube wp-embed-aspect-16-9 wp-has-aspect-ratio\"><div class=\"wp-block-embed__wrapper\">\n<iframe loading=\"lazy\" title=\"National Geographic Encounter: Ocean Odyssey\" width=\"1200\" height=\"675\" src=\"https:\/\/www.youtube.com\/embed\/8D_3D05EnDI?feature=oembed\" frameborder=\"0\" allow=\"accelerometer; autoplay; clipboard-write; encrypted-media; gyroscope; picture-in-picture\" allowfullscreen><\/iframe>\n<\/div><\/figure>\n\n\n\n<div style=\"height:30px\" aria-hidden=\"true\" class=\"wp-block-spacer\"><\/div>\n\n\n\n<p>En juillet dernier, nous animions un atelier pour imaginer de nouveaux concepts immersifs. Est venue l\u2019id\u00e9e de cr\u00e9er un parcours immersif pour incarner un \u00e9co-ninja. Accompagn\u00e9 d\u2019un <em>sense\u00ef <\/em>&#8211; un ma\u00eetre -, nous sauvons des environnements en crise : disparition des for\u00eats, fonte des glaces, etc. Preuve que la narration peut \u00eatre un puissant vecteur pour pousser \u00e0 des actions concr\u00e8tes sur les territoires !<\/p>\n\n\n\n<div class=\"ghostkit-grid ghostkit-grid-gap-md\"><div class=\"ghostkit-grid-inner\">\n<div class=\"ghostkit-col ghostkit-col-lg-12 ghostkit-col-1 is-layout-flow wp-block-grid-column-is-layout-flow\"><div class=\"ghostkit-col-content\"><\/div><\/div>\n\n\n\n<div class=\"ghostkit-col ghostkit-col-lg-12 ghostkit-col-10\"><div class=\"ghostkit-col-content is-layout-flow wp-block-grid-column-is-layout-flow\">\n<h3 class=\"wp-block-heading\"><strong><strong>Et parfois, ce sont m\u00eame des chercheurs qui prennent des virages immersifs. Les exp\u00e9riences immersives deviennent alors un outil de sensibilisation et d\u2019analyse pour concevoir les solutions souhaitables de demain.<\/strong><\/strong><\/h3>\n<\/div><\/div>\n\n\n\n<div class=\"ghostkit-col ghostkit-col-lg-12 ghostkit-col-1 is-layout-flow wp-block-grid-column-is-layout-flow\"><div class=\"ghostkit-col-content\"><\/div><\/div>\n<\/div><\/div>\n\n\n\n<div style=\"height:40px\" aria-hidden=\"true\" class=\"wp-block-spacer\"><\/div>\n\n\n\n<p>Aux \u00c9tats-Unis, les chercheurs Mickael Skirpan, Jacqueline Cameron et Tom Yeh ont con\u00e7u une pi\u00e8ce de th\u00e9\u00e2tre immersive, <em>Quantified-Self<\/em>, qu\u2019ils d\u00e9crivent dans leur article \u201c<a href=\"http:\/\/mwskirpan.com\/files\/QSelfShow.pdf\">More Than a Show: Using Personalized Immersive Theater to Educate and Engage the Public in Technology Ethics<\/a>\u201d.<\/p>\n\n\n\n<p>Ces chercheurs s\u2019int\u00e9ressent \u00e0 l\u2019\u00e9thique des donn\u00e9es personnelles. Ils notent un probl\u00e8me de taille quand on adresse un tel sujet : on reste dans un entre-soi. Les discussions n\u2019int\u00e9ressent que les experts. Les utilisateurs des services num\u00e9riques, bien plus nombreux, sont absents. Or ils seront les premiers impact\u00e9s par les d\u00e9cisions prises par ces recommandations.<\/p>\n\n\n\n<p>Mickael Skirpan, Jacqueline Cameron et Tom Yeh ont vu dans la cr\u00e9ation d\u2019une pi\u00e8ce de th\u00e9\u00e2tre immersive un moyen de toucher une large audience et de cr\u00e9er un cadre propice \u00e0 une \u00e9tude de terrain, pour nourrir leur r\u00e9flexion et prendre des d\u00e9cisions plus \u00e9clair\u00e9es\u2026<\/p>\n\n\n\n<div style=\"height:20px\" aria-hidden=\"true\" class=\"wp-block-spacer\"><\/div>\n\n\n\n<div class=\"ghostkit-grid ghostkit-grid-gap-md\"><div class=\"ghostkit-grid-inner\">\n<div class=\"ghostkit-col ghostkit-col-lg-12 ghostkit-col-1 is-layout-flow wp-block-grid-column-is-layout-flow\"><div class=\"ghostkit-col-content\"><\/div><\/div>\n\n\n\n<div class=\"ghostkit-col ghostkit-col-lg-12 ghostkit-col-10\"><div class=\"ghostkit-col-content is-layout-flow wp-block-grid-column-is-layout-flow\">\n<h3 class=\"wp-block-heading\"><strong><strong><strong>Les exp\u00e9riences immersives ont un r\u00f4le \u00e0 jouer \u00e0 divers niveaux pour panser le monde de demain. Du d\u00e9cideur au chercheur, c\u2019est un outil qui pourrait \u00eatre mis au service d\u2019un futur plus souhaitable. C\u2019est en tout cas un nouveau terrain d\u2019expression qui peut nous reconnecter \u00e0 nos aspirations.<\/strong><\/strong><\/strong><\/h3>\n\n\n\n<p><\/p>\n<\/div><\/div>\n\n\n\n<div class=\"ghostkit-col ghostkit-col-lg-12 ghostkit-col-1 is-layout-flow wp-block-grid-column-is-layout-flow\"><div class=\"ghostkit-col-content\"><\/div><\/div>\n<\/div><\/div>\n\n\n\n<div style=\"height:90px\" aria-hidden=\"true\" class=\"wp-block-spacer\"><\/div>\n\n\n\n<div class=\"ghostkit-grid ghostkit-grid-gap-md ghostkit-has-frame ghostkit-custom-Z18H7DO\"><div class=\"ghostkit-grid-inner\">\n<div class=\"ghostkit-col ghostkit-col-md-12 ghostkit-col-5\"><div class=\"ghostkit-col-content is-layout-flow wp-block-grid-column-is-layout-flow\">\n<div class=\"ghostkit-grid ghostkit-grid-gap-md\"><div class=\"ghostkit-grid-inner\">\n<div class=\"ghostkit-col ghostkit-col-lg-12 ghostkit-col-2 is-layout-flow wp-block-grid-column-is-layout-flow\"><div class=\"ghostkit-col-content\"><\/div><\/div>\n\n\n\n<div class=\"ghostkit-col ghostkit-col-lg-12 ghostkit-col-8\"><div class=\"ghostkit-col-content is-layout-flow wp-block-grid-column-is-layout-flow\">\n<p class=\"has-text-align-center has-normal-font-size\"><strong>Un article propos\u00e9 en partenariat avec<\/strong><\/p>\n<\/div><\/div>\n\n\n\n<div class=\"ghostkit-col ghostkit-col-lg-12 ghostkit-col-2 is-layout-flow wp-block-grid-column-is-layout-flow\"><div class=\"ghostkit-col-content\"><\/div><\/div>\n<\/div><\/div>\n\n\n\n<div style=\"height:20px\" aria-hidden=\"true\" class=\"wp-block-spacer\"><\/div>\n\n\n\n<div class=\"ghostkit-grid ghostkit-grid-gap-md\"><div class=\"ghostkit-grid-inner\">\n<div class=\"ghostkit-col ghostkit-col-lg-12 ghostkit-col-1 is-layout-flow wp-block-grid-column-is-layout-flow\"><div class=\"ghostkit-col-content\"><\/div><\/div>\n\n\n\n<div class=\"ghostkit-col ghostkit-col-lg-12 ghostkit-col-10\"><div class=\"ghostkit-col-content is-layout-flow wp-block-grid-column-is-layout-flow\">\n<div class=\"wp-block-image\"><figure class=\"aligncenter size-medium\"><a href=\"https:\/\/uxmmersive.com\/\" target=\"_blank\" rel=\"noopener noreferrer\"><img loading=\"lazy\" decoding=\"async\" width=\"300\" height=\"98\" src=\"https:\/\/newimages-hub.com\/wp-content\/uploads\/2020\/11\/logo_rectanglecouleur-300x98.png\" alt=\"\" class=\"wp-image-46254\" srcset=\"https:\/\/newimages-hub.com\/wp-content\/uploads\/2020\/11\/logo_rectanglecouleur-300x98.png 300w, https:\/\/newimages-hub.com\/wp-content\/uploads\/2020\/11\/logo_rectanglecouleur.png 483w\" sizes=\"auto, (max-width: 300px) 100vw, 300px\" \/><\/a><\/figure><\/div>\n<\/div><\/div>\n\n\n\n<div class=\"ghostkit-col ghostkit-col-lg-12 ghostkit-col-1 is-layout-flow wp-block-grid-column-is-layout-flow\"><div class=\"ghostkit-col-content\"><\/div><\/div>\n<\/div><\/div>\n\n\n\n<p><\/p>\n<\/div><\/div>\n\n\n\n<div class=\"ghostkit-col ghostkit-col-md-12 ghostkit-col-7\"><div class=\"ghostkit-col-content is-layout-flow wp-block-grid-column-is-layout-flow\">\n<p class=\"has-normal-font-size\"><a href=\"https:\/\/uxmmersive.com\/\" target=\"_blank\" rel=\"noreferrer noopener\">UXmmersive<\/a> est le m\u00e9dia francophone co-fond\u00e9 par Charlotte-Am\u00e9lie Veaux et Yann Garreau qui partage, analyse et d\u00e9crypte le monde des exp\u00e9riences immersives et ses tendances.<\/p>\n<\/div><\/div>\n<\/div><\/div>\n","protected":false},"excerpt":{"rendered":"<p>IN FRENCH ONLY \/\/ Un article sign\u00e9 UXmmersive \u2014<br \/>\nParce qu\u2019elles engagent des publics \u00e0 des niveaux cognitifs, \u00e9motionnels et sensoriels rarement atteints, les exp\u00e9riences immersives sont un outil avec lequel nous pouvons compter.<\/p>\n","protected":false},"author":24,"featured_media":46195,"comment_status":"closed","ping_status":"closed","sticky":false,"template":"","format":"standard","meta":{"ghostkit_customizer_options":"","ghostkit_custom_css":"","ghostkit_custom_js_head":"","ghostkit_custom_js_foot":"","ghostkit_typography":"","footnotes":""},"tags":[],"class_list":["post-46285","post","type-post","status-publish","format-standard","has-post-thumbnail","hentry"],"acf":[],"yoast_head":"<!-- This site is optimized with the Yoast SEO plugin v24.7 - https:\/\/yoast.com\/wordpress\/plugins\/seo\/ -->\n<title>[FR] Les exp\u00e9riences immersives pour panser le futur | NewImages Festival<\/title>\n<meta name=\"description\" content=\"Un article sign\u00e9 UXmmersive \u2014 Parce qu\u2019elles engagent des publics \u00e0 des niveaux cognitifs, \u00e9motionnels et sensoriels rarement atteints, les exp\u00e9riences immersives sont un outil avec lequel nous pouvons compter.\" \/>\n<meta name=\"robots\" content=\"index, follow, max-snippet:-1, max-image-preview:large, max-video-preview:-1\" \/>\n<link rel=\"canonical\" href=\"https:\/\/newimages-hub.com\/en\/les-experiences-immersives-pour-panser-le-futur\/\" \/>\n<meta property=\"og:locale\" content=\"en_US\" \/>\n<meta property=\"og:type\" content=\"article\" \/>\n<meta property=\"og:title\" content=\"[FR] Les exp\u00e9riences immersives pour panser le futur | NewImages Festival\" \/>\n<meta property=\"og:description\" content=\"Un article sign\u00e9 UXmmersive \u2014 Parce qu\u2019elles engagent des publics \u00e0 des niveaux cognitifs, \u00e9motionnels et sensoriels rarement atteints, les exp\u00e9riences immersives sont un outil avec lequel nous pouvons compter.\" \/>\n<meta property=\"og:url\" content=\"https:\/\/newimages-hub.com\/en\/les-experiences-immersives-pour-panser-le-futur\/\" \/>\n<meta property=\"og:site_name\" content=\"NewImages Festival\" \/>\n<meta property=\"article:publisher\" content=\"https:\/\/www.facebook.com\/Newimages.Festival\/\" \/>\n<meta property=\"article:author\" content=\"https:\/\/www.facebook.com\/karine.lagrange\" \/>\n<meta property=\"article:published_time\" content=\"2020-12-01T17:48:00+00:00\" \/>\n<meta property=\"article:modified_time\" content=\"2020-12-10T18:01:15+00:00\" \/>\n<meta property=\"og:image\" content=\"https:\/\/newimages-hub.com\/wp-content\/uploads\/2020\/11\/HEADER.jpg\" \/>\n\t<meta property=\"og:image:width\" content=\"1500\" \/>\n\t<meta property=\"og:image:height\" content=\"616\" \/>\n\t<meta property=\"og:image:type\" content=\"image\/jpeg\" \/>\n<meta name=\"author\" content=\"Karine Lagrange\" \/>\n<meta name=\"twitter:card\" content=\"summary_large_image\" \/>\n<meta name=\"twitter:creator\" content=\"@Newimages_Paris\" \/>\n<meta name=\"twitter:site\" content=\"@Newimages_Paris\" \/>\n<meta name=\"twitter:label1\" content=\"Written by\" \/>\n\t<meta name=\"twitter:data1\" content=\"Karine Lagrange\" \/>\n\t<meta name=\"twitter:label2\" content=\"Est. reading time\" \/>\n\t<meta name=\"twitter:data2\" content=\"7 minutes\" \/>\n<script type=\"application\/ld+json\" class=\"yoast-schema-graph\">{\"@context\":\"https:\/\/schema.org\",\"@graph\":[{\"@type\":\"Article\",\"@id\":\"https:\/\/newimages-hub.com\/en\/les-experiences-immersives-pour-panser-le-futur\/#article\",\"isPartOf\":{\"@id\":\"https:\/\/newimages-hub.com\/en\/les-experiences-immersives-pour-panser-le-futur\/\"},\"author\":{\"name\":\"Karine Lagrange\",\"@id\":\"https:\/\/newimages-hub.com\/en\/#\/schema\/person\/d27acefee1a0d19e6faf402591e6881b\"},\"headline\":\"[FR] Les exp\u00e9riences immersives pour panser le futur\",\"datePublished\":\"2020-12-01T17:48:00+00:00\",\"dateModified\":\"2020-12-10T18:01:15+00:00\",\"mainEntityOfPage\":{\"@id\":\"https:\/\/newimages-hub.com\/en\/les-experiences-immersives-pour-panser-le-futur\/\"},\"wordCount\":1493,\"publisher\":{\"@id\":\"https:\/\/newimages-hub.com\/en\/#organization\"},\"image\":{\"@id\":\"https:\/\/newimages-hub.com\/en\/les-experiences-immersives-pour-panser-le-futur\/#primaryimage\"},\"thumbnailUrl\":\"https:\/\/newimages-hub.com\/wp-content\/uploads\/2020\/11\/HEADER.jpg\",\"inLanguage\":\"en-US\"},{\"@type\":\"WebPage\",\"@id\":\"https:\/\/newimages-hub.com\/en\/les-experiences-immersives-pour-panser-le-futur\/\",\"url\":\"https:\/\/newimages-hub.com\/en\/les-experiences-immersives-pour-panser-le-futur\/\",\"name\":\"[FR] Les exp\u00e9riences immersives pour panser le futur | NewImages Festival\",\"isPartOf\":{\"@id\":\"https:\/\/newimages-hub.com\/en\/#website\"},\"primaryImageOfPage\":{\"@id\":\"https:\/\/newimages-hub.com\/en\/les-experiences-immersives-pour-panser-le-futur\/#primaryimage\"},\"image\":{\"@id\":\"https:\/\/newimages-hub.com\/en\/les-experiences-immersives-pour-panser-le-futur\/#primaryimage\"},\"thumbnailUrl\":\"https:\/\/newimages-hub.com\/wp-content\/uploads\/2020\/11\/HEADER.jpg\",\"datePublished\":\"2020-12-01T17:48:00+00:00\",\"dateModified\":\"2020-12-10T18:01:15+00:00\",\"description\":\"Un article sign\u00e9 UXmmersive \u2014 Parce qu\u2019elles engagent des publics \u00e0 des niveaux cognitifs, \u00e9motionnels et sensoriels rarement atteints, les exp\u00e9riences immersives sont un outil avec lequel nous pouvons compter.\",\"breadcrumb\":{\"@id\":\"https:\/\/newimages-hub.com\/en\/les-experiences-immersives-pour-panser-le-futur\/#breadcrumb\"},\"inLanguage\":\"en-US\",\"potentialAction\":[{\"@type\":\"ReadAction\",\"target\":[\"https:\/\/newimages-hub.com\/en\/les-experiences-immersives-pour-panser-le-futur\/\"]}]},{\"@type\":\"ImageObject\",\"inLanguage\":\"en-US\",\"@id\":\"https:\/\/newimages-hub.com\/en\/les-experiences-immersives-pour-panser-le-futur\/#primaryimage\",\"url\":\"https:\/\/newimages-hub.com\/wp-content\/uploads\/2020\/11\/HEADER.jpg\",\"contentUrl\":\"https:\/\/newimages-hub.com\/wp-content\/uploads\/2020\/11\/HEADER.jpg\",\"width\":1500,\"height\":616},{\"@type\":\"BreadcrumbList\",\"@id\":\"https:\/\/newimages-hub.com\/en\/les-experiences-immersives-pour-panser-le-futur\/#breadcrumb\",\"itemListElement\":[{\"@type\":\"ListItem\",\"position\":1,\"name\":\"Home\",\"item\":\"https:\/\/newimages-hub.com\/en\/\"},{\"@type\":\"ListItem\",\"position\":2,\"name\":\"[FR] Les exp\u00e9riences immersives pour panser le futur\"}]},{\"@type\":\"WebSite\",\"@id\":\"https:\/\/newimages-hub.com\/en\/#website\",\"url\":\"https:\/\/newimages-hub.com\/en\/\",\"name\":\"NewImages Festival\",\"description\":\"Le festival de la cr\u00e9ation num\u00e9rique et des mondes virtuels\",\"publisher\":{\"@id\":\"https:\/\/newimages-hub.com\/en\/#organization\"},\"potentialAction\":[{\"@type\":\"SearchAction\",\"target\":{\"@type\":\"EntryPoint\",\"urlTemplate\":\"https:\/\/newimages-hub.com\/en\/?s={search_term_string}\"},\"query-input\":{\"@type\":\"PropertyValueSpecification\",\"valueRequired\":true,\"valueName\":\"search_term_string\"}}],\"inLanguage\":\"en-US\"},{\"@type\":\"Organization\",\"@id\":\"https:\/\/newimages-hub.com\/en\/#organization\",\"name\":\"NewImages Festival\",\"url\":\"https:\/\/newimages-hub.com\/en\/\",\"logo\":{\"@type\":\"ImageObject\",\"inLanguage\":\"en-US\",\"@id\":\"https:\/\/newimages-hub.com\/en\/#\/schema\/logo\/image\/\",\"url\":\"https:\/\/newimages-hub.com\/wp-content\/uploads\/2025\/12\/NI_LOGO_ROSE_RVB-2.png\",\"contentUrl\":\"https:\/\/newimages-hub.com\/wp-content\/uploads\/2025\/12\/NI_LOGO_ROSE_RVB-2.png\",\"width\":1181,\"height\":447,\"caption\":\"NewImages Festival\"},\"image\":{\"@id\":\"https:\/\/newimages-hub.com\/en\/#\/schema\/logo\/image\/\"},\"sameAs\":[\"https:\/\/www.facebook.com\/Newimages.Festival\/\",\"https:\/\/x.com\/Newimages_Paris\",\"http:\/\/newimages.festival\",\"https:\/\/fr.linkedin.com\/company\/newimagesart\/\"]},{\"@type\":\"Person\",\"@id\":\"https:\/\/newimages-hub.com\/en\/#\/schema\/person\/d27acefee1a0d19e6faf402591e6881b\",\"name\":\"Karine Lagrange\",\"image\":{\"@type\":\"ImageObject\",\"inLanguage\":\"en-US\",\"@id\":\"https:\/\/newimages-hub.com\/en\/#\/schema\/person\/image\/\",\"url\":\"https:\/\/secure.gravatar.com\/avatar\/29ecccc48795cbf877c8927ce0c7233a?s=96&d=mm&r=g\",\"contentUrl\":\"https:\/\/secure.gravatar.com\/avatar\/29ecccc48795cbf877c8927ce0c7233a?s=96&d=mm&r=g\",\"caption\":\"Karine Lagrange\"},\"description\":\"After a degree in Literature and a research master\u2019s in Film Studies from Universit\u00e9 Paris III Sorbonne-Nouvelle, ENS-Ulm and EHESS Paris, Karine joined Forum des images in 2014 as an assistant, later becoming a Projects Manager in the Digital Development Division, where she was in charge of the development and management of websites, among other things. She also worked on several editions of Festival S\u00e9ries Mania (produced by Forum des images) and was part of the team of the Paris Virtual Film Festival (the very first event dedicated to VR from a cinema perspective) from the start, in June 2016. Since 2018, she has been in charge of programming and coordination for the NewImages Festival and the various Forum des images events pertaining to new images. For the NewImages Festival, Karine is now charge of coordinating the teams on all the festival's events. Her missions are both programming and communication, from VR Competition to XR Financing Market, including professional talk sessions.\",\"sameAs\":[\"https:\/\/newimages-hub.com\",\"https:\/\/www.facebook.com\/karine.lagrange\",\"https:\/\/www.linkedin.com\/in\/karine-lagrange\/\"],\"url\":\"https:\/\/newimages-hub.com\/en\/author\/karine\/\"}]}<\/script>\n<!-- \/ Yoast SEO plugin. -->","yoast_head_json":{"title":"[FR] Les exp\u00e9riences immersives pour panser le futur | NewImages Festival","description":"Un article sign\u00e9 UXmmersive \u2014 Parce qu\u2019elles engagent des publics \u00e0 des niveaux cognitifs, \u00e9motionnels et sensoriels rarement atteints, les exp\u00e9riences immersives sont un outil avec lequel nous pouvons compter.","robots":{"index":"index","follow":"follow","max-snippet":"max-snippet:-1","max-image-preview":"max-image-preview:large","max-video-preview":"max-video-preview:-1"},"canonical":"https:\/\/newimages-hub.com\/en\/les-experiences-immersives-pour-panser-le-futur\/","og_locale":"en_US","og_type":"article","og_title":"[FR] Les exp\u00e9riences immersives pour panser le futur | NewImages Festival","og_description":"Un article sign\u00e9 UXmmersive \u2014 Parce qu\u2019elles engagent des publics \u00e0 des niveaux cognitifs, \u00e9motionnels et sensoriels rarement atteints, les exp\u00e9riences immersives sont un outil avec lequel nous pouvons compter.","og_url":"https:\/\/newimages-hub.com\/en\/les-experiences-immersives-pour-panser-le-futur\/","og_site_name":"NewImages Festival","article_publisher":"https:\/\/www.facebook.com\/Newimages.Festival\/","article_author":"https:\/\/www.facebook.com\/karine.lagrange","article_published_time":"2020-12-01T17:48:00+00:00","article_modified_time":"2020-12-10T18:01:15+00:00","og_image":[{"width":1500,"height":616,"url":"https:\/\/newimages-hub.com\/wp-content\/uploads\/2020\/11\/HEADER.jpg","type":"image\/jpeg"}],"author":"Karine Lagrange","twitter_card":"summary_large_image","twitter_creator":"@Newimages_Paris","twitter_site":"@Newimages_Paris","twitter_misc":{"Written by":"Karine Lagrange","Est. reading time":"7 minutes"},"schema":{"@context":"https:\/\/schema.org","@graph":[{"@type":"Article","@id":"https:\/\/newimages-hub.com\/en\/les-experiences-immersives-pour-panser-le-futur\/#article","isPartOf":{"@id":"https:\/\/newimages-hub.com\/en\/les-experiences-immersives-pour-panser-le-futur\/"},"author":{"name":"Karine Lagrange","@id":"https:\/\/newimages-hub.com\/en\/#\/schema\/person\/d27acefee1a0d19e6faf402591e6881b"},"headline":"[FR] Les exp\u00e9riences immersives pour panser le futur","datePublished":"2020-12-01T17:48:00+00:00","dateModified":"2020-12-10T18:01:15+00:00","mainEntityOfPage":{"@id":"https:\/\/newimages-hub.com\/en\/les-experiences-immersives-pour-panser-le-futur\/"},"wordCount":1493,"publisher":{"@id":"https:\/\/newimages-hub.com\/en\/#organization"},"image":{"@id":"https:\/\/newimages-hub.com\/en\/les-experiences-immersives-pour-panser-le-futur\/#primaryimage"},"thumbnailUrl":"https:\/\/newimages-hub.com\/wp-content\/uploads\/2020\/11\/HEADER.jpg","inLanguage":"en-US"},{"@type":"WebPage","@id":"https:\/\/newimages-hub.com\/en\/les-experiences-immersives-pour-panser-le-futur\/","url":"https:\/\/newimages-hub.com\/en\/les-experiences-immersives-pour-panser-le-futur\/","name":"[FR] Les exp\u00e9riences immersives pour panser le futur | NewImages Festival","isPartOf":{"@id":"https:\/\/newimages-hub.com\/en\/#website"},"primaryImageOfPage":{"@id":"https:\/\/newimages-hub.com\/en\/les-experiences-immersives-pour-panser-le-futur\/#primaryimage"},"image":{"@id":"https:\/\/newimages-hub.com\/en\/les-experiences-immersives-pour-panser-le-futur\/#primaryimage"},"thumbnailUrl":"https:\/\/newimages-hub.com\/wp-content\/uploads\/2020\/11\/HEADER.jpg","datePublished":"2020-12-01T17:48:00+00:00","dateModified":"2020-12-10T18:01:15+00:00","description":"Un article sign\u00e9 UXmmersive \u2014 Parce qu\u2019elles engagent des publics \u00e0 des niveaux cognitifs, \u00e9motionnels et sensoriels rarement atteints, les exp\u00e9riences immersives sont un outil avec lequel nous pouvons compter.","breadcrumb":{"@id":"https:\/\/newimages-hub.com\/en\/les-experiences-immersives-pour-panser-le-futur\/#breadcrumb"},"inLanguage":"en-US","potentialAction":[{"@type":"ReadAction","target":["https:\/\/newimages-hub.com\/en\/les-experiences-immersives-pour-panser-le-futur\/"]}]},{"@type":"ImageObject","inLanguage":"en-US","@id":"https:\/\/newimages-hub.com\/en\/les-experiences-immersives-pour-panser-le-futur\/#primaryimage","url":"https:\/\/newimages-hub.com\/wp-content\/uploads\/2020\/11\/HEADER.jpg","contentUrl":"https:\/\/newimages-hub.com\/wp-content\/uploads\/2020\/11\/HEADER.jpg","width":1500,"height":616},{"@type":"BreadcrumbList","@id":"https:\/\/newimages-hub.com\/en\/les-experiences-immersives-pour-panser-le-futur\/#breadcrumb","itemListElement":[{"@type":"ListItem","position":1,"name":"Home","item":"https:\/\/newimages-hub.com\/en\/"},{"@type":"ListItem","position":2,"name":"[FR] Les exp\u00e9riences immersives pour panser le futur"}]},{"@type":"WebSite","@id":"https:\/\/newimages-hub.com\/en\/#website","url":"https:\/\/newimages-hub.com\/en\/","name":"NewImages Festival","description":"Le festival de la cr\u00e9ation num\u00e9rique et des mondes virtuels","publisher":{"@id":"https:\/\/newimages-hub.com\/en\/#organization"},"potentialAction":[{"@type":"SearchAction","target":{"@type":"EntryPoint","urlTemplate":"https:\/\/newimages-hub.com\/en\/?s={search_term_string}"},"query-input":{"@type":"PropertyValueSpecification","valueRequired":true,"valueName":"search_term_string"}}],"inLanguage":"en-US"},{"@type":"Organization","@id":"https:\/\/newimages-hub.com\/en\/#organization","name":"NewImages Festival","url":"https:\/\/newimages-hub.com\/en\/","logo":{"@type":"ImageObject","inLanguage":"en-US","@id":"https:\/\/newimages-hub.com\/en\/#\/schema\/logo\/image\/","url":"https:\/\/newimages-hub.com\/wp-content\/uploads\/2025\/12\/NI_LOGO_ROSE_RVB-2.png","contentUrl":"https:\/\/newimages-hub.com\/wp-content\/uploads\/2025\/12\/NI_LOGO_ROSE_RVB-2.png","width":1181,"height":447,"caption":"NewImages Festival"},"image":{"@id":"https:\/\/newimages-hub.com\/en\/#\/schema\/logo\/image\/"},"sameAs":["https:\/\/www.facebook.com\/Newimages.Festival\/","https:\/\/x.com\/Newimages_Paris","http:\/\/newimages.festival","https:\/\/fr.linkedin.com\/company\/newimagesart\/"]},{"@type":"Person","@id":"https:\/\/newimages-hub.com\/en\/#\/schema\/person\/d27acefee1a0d19e6faf402591e6881b","name":"Karine Lagrange","image":{"@type":"ImageObject","inLanguage":"en-US","@id":"https:\/\/newimages-hub.com\/en\/#\/schema\/person\/image\/","url":"https:\/\/secure.gravatar.com\/avatar\/29ecccc48795cbf877c8927ce0c7233a?s=96&d=mm&r=g","contentUrl":"https:\/\/secure.gravatar.com\/avatar\/29ecccc48795cbf877c8927ce0c7233a?s=96&d=mm&r=g","caption":"Karine Lagrange"},"description":"After a degree in Literature and a research master\u2019s in Film Studies from Universit\u00e9 Paris III Sorbonne-Nouvelle, ENS-Ulm and EHESS Paris, Karine joined Forum des images in 2014 as an assistant, later becoming a Projects Manager in the Digital Development Division, where she was in charge of the development and management of websites, among other things. She also worked on several editions of Festival S\u00e9ries Mania (produced by Forum des images) and was part of the team of the Paris Virtual Film Festival (the very first event dedicated to VR from a cinema perspective) from the start, in June 2016. Since 2018, she has been in charge of programming and coordination for the NewImages Festival and the various Forum des images events pertaining to new images. For the NewImages Festival, Karine is now charge of coordinating the teams on all the festival's events. Her missions are both programming and communication, from VR Competition to XR Financing Market, including professional talk sessions.","sameAs":["https:\/\/newimages-hub.com","https:\/\/www.facebook.com\/karine.lagrange","https:\/\/www.linkedin.com\/in\/karine-lagrange\/"],"url":"https:\/\/newimages-hub.com\/en\/author\/karine\/"}]}},"_links":{"self":[{"href":"https:\/\/newimages-hub.com\/en\/wp-json\/wp\/v2\/posts\/46285","targetHints":{"allow":["GET"]}}],"collection":[{"href":"https:\/\/newimages-hub.com\/en\/wp-json\/wp\/v2\/posts"}],"about":[{"href":"https:\/\/newimages-hub.com\/en\/wp-json\/wp\/v2\/types\/post"}],"author":[{"embeddable":true,"href":"https:\/\/newimages-hub.com\/en\/wp-json\/wp\/v2\/users\/24"}],"replies":[{"embeddable":true,"href":"https:\/\/newimages-hub.com\/en\/wp-json\/wp\/v2\/comments?post=46285"}],"version-history":[{"count":3,"href":"https:\/\/newimages-hub.com\/en\/wp-json\/wp\/v2\/posts\/46285\/revisions"}],"predecessor-version":[{"id":46288,"href":"https:\/\/newimages-hub.com\/en\/wp-json\/wp\/v2\/posts\/46285\/revisions\/46288"}],"wp:featuredmedia":[{"embeddable":true,"href":"https:\/\/newimages-hub.com\/en\/wp-json\/wp\/v2\/media\/46195"}],"wp:attachment":[{"href":"https:\/\/newimages-hub.com\/en\/wp-json\/wp\/v2\/media?parent=46285"}],"wp:term":[{"taxonomy":"post_tag","embeddable":true,"href":"https:\/\/newimages-hub.com\/en\/wp-json\/wp\/v2\/tags?post=46285"}],"curies":[{"name":"wp","href":"https:\/\/api.w.org\/{rel}","templated":true}]}}