{"id":65772,"date":"2023-01-25T16:02:05","date_gmt":"2023-01-25T15:02:05","guid":{"rendered":"https:\/\/newimages-hub.com\/?p=65772"},"modified":"2023-01-25T16:02:06","modified_gmt":"2023-01-25T15:02:06","slug":"discussion-the-hidden-side-of-the-metaverse","status":"publish","type":"post","link":"https:\/\/newimages-hub.com\/en\/discussion-the-hidden-side-of-the-metaverse\/","title":{"rendered":"Discussion &#8216;The Hidden Side of the Metaverse&#8217;"},"content":{"rendered":"\n<h2 class=\"wp-block-heading\" id=\"get-your-ticket-to-attend-the-discussion-the-hidden-side-of-the-metaverse-on-thursday-the-26th-of-january-at-6-30-p-m-within-the-framework-of-the-season-s-theme-parallel-worlds-programmed-at-the-forum-des-images\">Get your ticket to attend the discussion &#8220;The Hidden Side of the Metaverse&#8221; on Thursday, the 26th of January at 6:30 p.m., within the framework of the season&#8217;s theme &#8220;Parallel Worlds&#8221; programmed at the Forum des images!<\/h2>\n\n\n\n<p>To mention the metaverse is to unleash an avalanche of questions such as\u2026<\/p>\n\n\n\n<ul class=\"wp-block-list\">\n<li>How does it affect&nbsp;<strong>creation<\/strong>? What are the stakes for&nbsp;<strong>data protection<\/strong>&nbsp;and how can we protect&nbsp;<strong>artists\u2019 copyrights<\/strong>&nbsp;in the metaverse? How can we guarantee artistic freedom there? And how do we stand in front of the Web giants?<\/li>\n\n\n\n<li>What is the impact of the metaverse on our behaviours? How do we moderate&nbsp;<strong>social interactions<\/strong>&nbsp;within the metaverse in order to avoid racism, sexism and homophobia?<\/li>\n\n\n\n<li>How can we think this virtual world out in the age of&nbsp;<strong>environmental responsibility<\/strong>?<\/li>\n<\/ul>\n\n\n\n<p>This panel discussion moderated by the journalist Xavier de La Porte will attempt to give body to this virtual concept, thanks to three experts:<\/p>\n\n\n\n<ul class=\"wp-block-list\">\n<li><strong>Stella Jacob<\/strong>, metaverse consultant <\/li>\n\n\n\n<li><strong>Isabelle Arvers<\/strong>, curator and art critic<\/li>\n\n\n\n<li><strong>Nicolas Roussel<\/strong>, researcher<\/li>\n<\/ul>\n\n\n\n<p><strong>\u26a0\ufe0f&nbsp;<strong><mark>Thursday, the 26th of January at 6:30 p.m. at the Forum des images<\/mark>&nbsp;\u26a0\ufe0f<\/strong><\/strong><\/p>\n\n\n\n<div class=\"wp-block-buttons is-layout-flex wp-block-buttons-is-layout-flex\">\n<div class=\"wp-block-button\"><a class=\"wp-block-button__link wp-element-button\" href=\"https:\/\/billetterie.forumdesimages.fr\/la-face-cachee-du-metavers-loisirs-salle-300-forum-des-images-paris-26-janvier-2023-css5-fdiweb-pg101-ri9311487.html\">RESERVE<\/a><\/div>\n<\/div>\n","protected":false},"excerpt":{"rendered":"<p>Get your ticket to attend the discussion &#8220;The Hidden Side of the Metaverse&#8221; on Thursday, the 26th of January at 6:30 p.m. at the Forum des images !<\/p>\n","protected":false},"author":1643,"featured_media":65747,"comment_status":"closed","ping_status":"closed","sticky":false,"template":"","format":"standard","meta":{"ghostkit_customizer_options":"","ghostkit_custom_css":"","ghostkit_custom_js_head":"","ghostkit_custom_js_foot":"","ghostkit_typography":"","footnotes":""},"tags":[301,303,234],"class_list":["post-65772","post","type-post","status-publish","format-standard","has-post-thumbnail","hentry","tag-creation-numerique-en","tag-experiences-immersives-en","tag-xr-en"],"acf":[],"yoast_head":"<!-- This site is optimized with the Yoast SEO plugin v24.7 - https:\/\/yoast.com\/wordpress\/plugins\/seo\/ -->\n<title>Discussion &#039;The Hidden Side of the Metaverse&#039; | NewImages Festival<\/title>\n<meta name=\"description\" content=\"Get your ticket to attend the discussion &quot;The Hidden Side of the Metaverse&quot; on January 26 at 6:30 p.m. at the Forum des images in Paris!\" \/>\n<meta name=\"robots\" content=\"index, follow, max-snippet:-1, max-image-preview:large, max-video-preview:-1\" \/>\n<link rel=\"canonical\" href=\"https:\/\/newimages-hub.com\/en\/discussion-the-hidden-side-of-the-metaverse\/\" \/>\n<meta property=\"og:locale\" content=\"en_US\" \/>\n<meta property=\"og:type\" content=\"article\" \/>\n<meta property=\"og:title\" content=\"Discussion &#039;The Hidden Side of the Metaverse&#039; | NewImages Festival\" \/>\n<meta property=\"og:description\" content=\"Get your ticket to attend the discussion &quot;The Hidden Side of the Metaverse&quot; on January 26 at 6:30 p.m. at the Forum des images in Paris!\" \/>\n<meta property=\"og:url\" content=\"https:\/\/newimages-hub.com\/en\/discussion-the-hidden-side-of-the-metaverse\/\" \/>\n<meta property=\"og:site_name\" content=\"NewImages Festival\" \/>\n<meta property=\"article:publisher\" content=\"https:\/\/www.facebook.com\/Newimages.Festival\/\" \/>\n<meta property=\"article:published_time\" content=\"2023-01-25T15:02:05+00:00\" \/>\n<meta property=\"article:modified_time\" content=\"2023-01-25T15:02:06+00:00\" \/>\n<meta property=\"og:image\" content=\"https:\/\/newimages-hub.com\/wp-content\/uploads\/2023\/01\/g2nxi.jpeg\" \/>\n\t<meta property=\"og:image:width\" content=\"745\" \/>\n\t<meta property=\"og:image:height\" content=\"412\" \/>\n\t<meta property=\"og:image:type\" content=\"image\/jpeg\" \/>\n<meta name=\"author\" content=\"Mathilde Guazzetti\" \/>\n<meta name=\"twitter:card\" content=\"summary_large_image\" \/>\n<meta name=\"twitter:creator\" content=\"@Newimages_Paris\" \/>\n<meta name=\"twitter:site\" content=\"@Newimages_Paris\" \/>\n<meta name=\"twitter:label1\" content=\"Written by\" \/>\n\t<meta name=\"twitter:data1\" content=\"Mathilde Guazzetti\" \/>\n\t<meta name=\"twitter:label2\" content=\"Est. reading time\" \/>\n\t<meta name=\"twitter:data2\" content=\"1 minute\" \/>\n<script type=\"application\/ld+json\" class=\"yoast-schema-graph\">{\"@context\":\"https:\/\/schema.org\",\"@graph\":[{\"@type\":\"Article\",\"@id\":\"https:\/\/newimages-hub.com\/en\/discussion-the-hidden-side-of-the-metaverse\/#article\",\"isPartOf\":{\"@id\":\"https:\/\/newimages-hub.com\/en\/discussion-the-hidden-side-of-the-metaverse\/\"},\"author\":{\"name\":\"Mathilde Guazzetti\",\"@id\":\"https:\/\/newimages-hub.com\/en\/#\/schema\/person\/9fd11e1c5eb851de9a268411950a6dab\"},\"headline\":\"Discussion &#8216;The Hidden Side of the Metaverse&#8217;\",\"datePublished\":\"2023-01-25T15:02:05+00:00\",\"dateModified\":\"2023-01-25T15:02:06+00:00\",\"mainEntityOfPage\":{\"@id\":\"https:\/\/newimages-hub.com\/en\/discussion-the-hidden-side-of-the-metaverse\/\"},\"wordCount\":199,\"publisher\":{\"@id\":\"https:\/\/newimages-hub.com\/en\/#organization\"},\"image\":{\"@id\":\"https:\/\/newimages-hub.com\/en\/discussion-the-hidden-side-of-the-metaverse\/#primaryimage\"},\"thumbnailUrl\":\"https:\/\/newimages-hub.com\/wp-content\/uploads\/2023\/01\/g2nxi.jpeg\",\"keywords\":[\"cr\u00e9ation num\u00e9rique\",\"Exp\u00e9riences immersives\",\"XR\"],\"inLanguage\":\"en-US\"},{\"@type\":\"WebPage\",\"@id\":\"https:\/\/newimages-hub.com\/en\/discussion-the-hidden-side-of-the-metaverse\/\",\"url\":\"https:\/\/newimages-hub.com\/en\/discussion-the-hidden-side-of-the-metaverse\/\",\"name\":\"Discussion 'The Hidden Side of the Metaverse' | NewImages Festival\",\"isPartOf\":{\"@id\":\"https:\/\/newimages-hub.com\/en\/#website\"},\"primaryImageOfPage\":{\"@id\":\"https:\/\/newimages-hub.com\/en\/discussion-the-hidden-side-of-the-metaverse\/#primaryimage\"},\"image\":{\"@id\":\"https:\/\/newimages-hub.com\/en\/discussion-the-hidden-side-of-the-metaverse\/#primaryimage\"},\"thumbnailUrl\":\"https:\/\/newimages-hub.com\/wp-content\/uploads\/2023\/01\/g2nxi.jpeg\",\"datePublished\":\"2023-01-25T15:02:05+00:00\",\"dateModified\":\"2023-01-25T15:02:06+00:00\",\"description\":\"Get your ticket to attend the discussion \\\"The Hidden Side of the Metaverse\\\" on January 26 at 6:30 p.m. at the Forum des images in Paris!\",\"breadcrumb\":{\"@id\":\"https:\/\/newimages-hub.com\/en\/discussion-the-hidden-side-of-the-metaverse\/#breadcrumb\"},\"inLanguage\":\"en-US\",\"potentialAction\":[{\"@type\":\"ReadAction\",\"target\":[\"https:\/\/newimages-hub.com\/en\/discussion-the-hidden-side-of-the-metaverse\/\"]}]},{\"@type\":\"ImageObject\",\"inLanguage\":\"en-US\",\"@id\":\"https:\/\/newimages-hub.com\/en\/discussion-the-hidden-side-of-the-metaverse\/#primaryimage\",\"url\":\"https:\/\/newimages-hub.com\/wp-content\/uploads\/2023\/01\/g2nxi.jpeg\",\"contentUrl\":\"https:\/\/newimages-hub.com\/wp-content\/uploads\/2023\/01\/g2nxi.jpeg\",\"width\":745,\"height\":412,\"caption\":\"Metavers Image DALL\u00b7E 2 - OpenAI\"},{\"@type\":\"BreadcrumbList\",\"@id\":\"https:\/\/newimages-hub.com\/en\/discussion-the-hidden-side-of-the-metaverse\/#breadcrumb\",\"itemListElement\":[{\"@type\":\"ListItem\",\"position\":1,\"name\":\"Home\",\"item\":\"https:\/\/newimages-hub.com\/en\/\"},{\"@type\":\"ListItem\",\"position\":2,\"name\":\"Discussion &lsquo;The Hidden Side of the Metaverse&rsquo;\"}]},{\"@type\":\"WebSite\",\"@id\":\"https:\/\/newimages-hub.com\/en\/#website\",\"url\":\"https:\/\/newimages-hub.com\/en\/\",\"name\":\"NewImages Festival\",\"description\":\"Le festival de la cr\u00e9ation num\u00e9rique et des mondes virtuels\",\"publisher\":{\"@id\":\"https:\/\/newimages-hub.com\/en\/#organization\"},\"potentialAction\":[{\"@type\":\"SearchAction\",\"target\":{\"@type\":\"EntryPoint\",\"urlTemplate\":\"https:\/\/newimages-hub.com\/en\/?s={search_term_string}\"},\"query-input\":{\"@type\":\"PropertyValueSpecification\",\"valueRequired\":true,\"valueName\":\"search_term_string\"}}],\"inLanguage\":\"en-US\"},{\"@type\":\"Organization\",\"@id\":\"https:\/\/newimages-hub.com\/en\/#organization\",\"name\":\"NewImages Festival\",\"url\":\"https:\/\/newimages-hub.com\/en\/\",\"logo\":{\"@type\":\"ImageObject\",\"inLanguage\":\"en-US\",\"@id\":\"https:\/\/newimages-hub.com\/en\/#\/schema\/logo\/image\/\",\"url\":\"https:\/\/newimages-hub.com\/wp-content\/uploads\/2025\/12\/NI_LOGO_ROSE_RVB-2.png\",\"contentUrl\":\"https:\/\/newimages-hub.com\/wp-content\/uploads\/2025\/12\/NI_LOGO_ROSE_RVB-2.png\",\"width\":1181,\"height\":447,\"caption\":\"NewImages Festival\"},\"image\":{\"@id\":\"https:\/\/newimages-hub.com\/en\/#\/schema\/logo\/image\/\"},\"sameAs\":[\"https:\/\/www.facebook.com\/Newimages.Festival\/\",\"https:\/\/x.com\/Newimages_Paris\",\"http:\/\/newimages.festival\",\"https:\/\/fr.linkedin.com\/company\/newimagesart\/\"]},{\"@type\":\"Person\",\"@id\":\"https:\/\/newimages-hub.com\/en\/#\/schema\/person\/9fd11e1c5eb851de9a268411950a6dab\",\"name\":\"Mathilde Guazzetti\",\"image\":{\"@type\":\"ImageObject\",\"inLanguage\":\"en-US\",\"@id\":\"https:\/\/newimages-hub.com\/en\/#\/schema\/person\/image\/\",\"url\":\"https:\/\/secure.gravatar.com\/avatar\/ef8bc51589ac28e46799e362e7763d1b?s=96&d=mm&r=g\",\"contentUrl\":\"https:\/\/secure.gravatar.com\/avatar\/ef8bc51589ac28e46799e362e7763d1b?s=96&d=mm&r=g\",\"caption\":\"Mathilde Guazzetti\"},\"url\":\"https:\/\/newimages-hub.com\/en\/author\/mathilde-guazzetti\/\"}]}<\/script>\n<!-- \/ Yoast SEO plugin. -->","yoast_head_json":{"title":"Discussion 'The Hidden Side of the Metaverse' | NewImages Festival","description":"Get your ticket to attend the discussion \"The Hidden Side of the Metaverse\" on January 26 at 6:30 p.m. at the Forum des images in Paris!","robots":{"index":"index","follow":"follow","max-snippet":"max-snippet:-1","max-image-preview":"max-image-preview:large","max-video-preview":"max-video-preview:-1"},"canonical":"https:\/\/newimages-hub.com\/en\/discussion-the-hidden-side-of-the-metaverse\/","og_locale":"en_US","og_type":"article","og_title":"Discussion 'The Hidden Side of the Metaverse' | NewImages Festival","og_description":"Get your ticket to attend the discussion \"The Hidden Side of the Metaverse\" on January 26 at 6:30 p.m. at the Forum des images in Paris!","og_url":"https:\/\/newimages-hub.com\/en\/discussion-the-hidden-side-of-the-metaverse\/","og_site_name":"NewImages Festival","article_publisher":"https:\/\/www.facebook.com\/Newimages.Festival\/","article_published_time":"2023-01-25T15:02:05+00:00","article_modified_time":"2023-01-25T15:02:06+00:00","og_image":[{"width":745,"height":412,"url":"https:\/\/newimages-hub.com\/wp-content\/uploads\/2023\/01\/g2nxi.jpeg","type":"image\/jpeg"}],"author":"Mathilde Guazzetti","twitter_card":"summary_large_image","twitter_creator":"@Newimages_Paris","twitter_site":"@Newimages_Paris","twitter_misc":{"Written by":"Mathilde Guazzetti","Est. reading time":"1 minute"},"schema":{"@context":"https:\/\/schema.org","@graph":[{"@type":"Article","@id":"https:\/\/newimages-hub.com\/en\/discussion-the-hidden-side-of-the-metaverse\/#article","isPartOf":{"@id":"https:\/\/newimages-hub.com\/en\/discussion-the-hidden-side-of-the-metaverse\/"},"author":{"name":"Mathilde Guazzetti","@id":"https:\/\/newimages-hub.com\/en\/#\/schema\/person\/9fd11e1c5eb851de9a268411950a6dab"},"headline":"Discussion &#8216;The Hidden Side of the Metaverse&#8217;","datePublished":"2023-01-25T15:02:05+00:00","dateModified":"2023-01-25T15:02:06+00:00","mainEntityOfPage":{"@id":"https:\/\/newimages-hub.com\/en\/discussion-the-hidden-side-of-the-metaverse\/"},"wordCount":199,"publisher":{"@id":"https:\/\/newimages-hub.com\/en\/#organization"},"image":{"@id":"https:\/\/newimages-hub.com\/en\/discussion-the-hidden-side-of-the-metaverse\/#primaryimage"},"thumbnailUrl":"https:\/\/newimages-hub.com\/wp-content\/uploads\/2023\/01\/g2nxi.jpeg","keywords":["cr\u00e9ation num\u00e9rique","Exp\u00e9riences immersives","XR"],"inLanguage":"en-US"},{"@type":"WebPage","@id":"https:\/\/newimages-hub.com\/en\/discussion-the-hidden-side-of-the-metaverse\/","url":"https:\/\/newimages-hub.com\/en\/discussion-the-hidden-side-of-the-metaverse\/","name":"Discussion 'The Hidden Side of the Metaverse' | NewImages Festival","isPartOf":{"@id":"https:\/\/newimages-hub.com\/en\/#website"},"primaryImageOfPage":{"@id":"https:\/\/newimages-hub.com\/en\/discussion-the-hidden-side-of-the-metaverse\/#primaryimage"},"image":{"@id":"https:\/\/newimages-hub.com\/en\/discussion-the-hidden-side-of-the-metaverse\/#primaryimage"},"thumbnailUrl":"https:\/\/newimages-hub.com\/wp-content\/uploads\/2023\/01\/g2nxi.jpeg","datePublished":"2023-01-25T15:02:05+00:00","dateModified":"2023-01-25T15:02:06+00:00","description":"Get your ticket to attend the discussion \"The Hidden Side of the Metaverse\" on January 26 at 6:30 p.m. at the Forum des images in Paris!","breadcrumb":{"@id":"https:\/\/newimages-hub.com\/en\/discussion-the-hidden-side-of-the-metaverse\/#breadcrumb"},"inLanguage":"en-US","potentialAction":[{"@type":"ReadAction","target":["https:\/\/newimages-hub.com\/en\/discussion-the-hidden-side-of-the-metaverse\/"]}]},{"@type":"ImageObject","inLanguage":"en-US","@id":"https:\/\/newimages-hub.com\/en\/discussion-the-hidden-side-of-the-metaverse\/#primaryimage","url":"https:\/\/newimages-hub.com\/wp-content\/uploads\/2023\/01\/g2nxi.jpeg","contentUrl":"https:\/\/newimages-hub.com\/wp-content\/uploads\/2023\/01\/g2nxi.jpeg","width":745,"height":412,"caption":"Metavers Image DALL\u00b7E 2 - OpenAI"},{"@type":"BreadcrumbList","@id":"https:\/\/newimages-hub.com\/en\/discussion-the-hidden-side-of-the-metaverse\/#breadcrumb","itemListElement":[{"@type":"ListItem","position":1,"name":"Home","item":"https:\/\/newimages-hub.com\/en\/"},{"@type":"ListItem","position":2,"name":"Discussion &lsquo;The Hidden Side of the Metaverse&rsquo;"}]},{"@type":"WebSite","@id":"https:\/\/newimages-hub.com\/en\/#website","url":"https:\/\/newimages-hub.com\/en\/","name":"NewImages Festival","description":"Le festival de la cr\u00e9ation num\u00e9rique et des mondes virtuels","publisher":{"@id":"https:\/\/newimages-hub.com\/en\/#organization"},"potentialAction":[{"@type":"SearchAction","target":{"@type":"EntryPoint","urlTemplate":"https:\/\/newimages-hub.com\/en\/?s={search_term_string}"},"query-input":{"@type":"PropertyValueSpecification","valueRequired":true,"valueName":"search_term_string"}}],"inLanguage":"en-US"},{"@type":"Organization","@id":"https:\/\/newimages-hub.com\/en\/#organization","name":"NewImages Festival","url":"https:\/\/newimages-hub.com\/en\/","logo":{"@type":"ImageObject","inLanguage":"en-US","@id":"https:\/\/newimages-hub.com\/en\/#\/schema\/logo\/image\/","url":"https:\/\/newimages-hub.com\/wp-content\/uploads\/2025\/12\/NI_LOGO_ROSE_RVB-2.png","contentUrl":"https:\/\/newimages-hub.com\/wp-content\/uploads\/2025\/12\/NI_LOGO_ROSE_RVB-2.png","width":1181,"height":447,"caption":"NewImages Festival"},"image":{"@id":"https:\/\/newimages-hub.com\/en\/#\/schema\/logo\/image\/"},"sameAs":["https:\/\/www.facebook.com\/Newimages.Festival\/","https:\/\/x.com\/Newimages_Paris","http:\/\/newimages.festival","https:\/\/fr.linkedin.com\/company\/newimagesart\/"]},{"@type":"Person","@id":"https:\/\/newimages-hub.com\/en\/#\/schema\/person\/9fd11e1c5eb851de9a268411950a6dab","name":"Mathilde Guazzetti","image":{"@type":"ImageObject","inLanguage":"en-US","@id":"https:\/\/newimages-hub.com\/en\/#\/schema\/person\/image\/","url":"https:\/\/secure.gravatar.com\/avatar\/ef8bc51589ac28e46799e362e7763d1b?s=96&d=mm&r=g","contentUrl":"https:\/\/secure.gravatar.com\/avatar\/ef8bc51589ac28e46799e362e7763d1b?s=96&d=mm&r=g","caption":"Mathilde Guazzetti"},"url":"https:\/\/newimages-hub.com\/en\/author\/mathilde-guazzetti\/"}]}},"_links":{"self":[{"href":"https:\/\/newimages-hub.com\/en\/wp-json\/wp\/v2\/posts\/65772","targetHints":{"allow":["GET"]}}],"collection":[{"href":"https:\/\/newimages-hub.com\/en\/wp-json\/wp\/v2\/posts"}],"about":[{"href":"https:\/\/newimages-hub.com\/en\/wp-json\/wp\/v2\/types\/post"}],"author":[{"embeddable":true,"href":"https:\/\/newimages-hub.com\/en\/wp-json\/wp\/v2\/users\/1643"}],"replies":[{"embeddable":true,"href":"https:\/\/newimages-hub.com\/en\/wp-json\/wp\/v2\/comments?post=65772"}],"version-history":[{"count":10,"href":"https:\/\/newimages-hub.com\/en\/wp-json\/wp\/v2\/posts\/65772\/revisions"}],"predecessor-version":[{"id":65784,"href":"https:\/\/newimages-hub.com\/en\/wp-json\/wp\/v2\/posts\/65772\/revisions\/65784"}],"wp:featuredmedia":[{"embeddable":true,"href":"https:\/\/newimages-hub.com\/en\/wp-json\/wp\/v2\/media\/65747"}],"wp:attachment":[{"href":"https:\/\/newimages-hub.com\/en\/wp-json\/wp\/v2\/media?parent=65772"}],"wp:term":[{"taxonomy":"post_tag","embeddable":true,"href":"https:\/\/newimages-hub.com\/en\/wp-json\/wp\/v2\/tags?post=65772"}],"curies":[{"name":"wp","href":"https:\/\/api.w.org\/{rel}","templated":true}]}}