{"id":68494,"date":"2023-05-16T15:49:29","date_gmt":"2023-05-16T13:49:29","guid":{"rendered":"https:\/\/newimages-hub.com\/?p=68494"},"modified":"2023-05-16T15:49:31","modified_gmt":"2023-05-16T13:49:31","slug":"isea2023-from-may-16-to-21-at-the-forum-des-images","status":"publish","type":"post","link":"https:\/\/newimages-hub.com\/en\/isea2023-from-may-16-to-21-at-the-forum-des-images\/","title":{"rendered":"ISEA2023, from May 16 to 21 at the Forum des images!"},"content":{"rendered":"<div      class=\"chapo \"><p>The 28th edition of ISEA, co-organised by Le Cube Garges and the \u00c9cole des Arts D\u00e9coratifs, will take place in Paris at the Forum des images from 16 to 21 May 2023.<\/p>\n<\/div>\n\n\n\n<p>ISEA, a major event on the global electronic art scene, aims to strengthen the dialogue between artists, researchers, engineers, designers and entrepreneurs from the cultural and creative industries who participate in the advances of research and creation. This multidisciplinary event is open to both specialists and the general public.<\/p>\n\n\n\n<figure class=\"wp-block-image size-large\"><img loading=\"lazy\" decoding=\"async\" width=\"1024\" height=\"462\" src=\"https:\/\/newimages-hub.com\/wp-content\/uploads\/2023\/05\/en-capture-d-ecran-2023-04-12-a-16-58-57-png-6436d26319631-1024x462.png\" alt=\"\" class=\"wp-image-68496\" srcset=\"https:\/\/newimages-hub.com\/wp-content\/uploads\/2023\/05\/en-capture-d-ecran-2023-04-12-a-16-58-57-png-6436d26319631-1024x462.png 1024w, https:\/\/newimages-hub.com\/wp-content\/uploads\/2023\/05\/en-capture-d-ecran-2023-04-12-a-16-58-57-png-6436d26319631-300x135.png 300w, https:\/\/newimages-hub.com\/wp-content\/uploads\/2023\/05\/en-capture-d-ecran-2023-04-12-a-16-58-57-png-6436d26319631-768x346.png 768w, https:\/\/newimages-hub.com\/wp-content\/uploads\/2023\/05\/en-capture-d-ecran-2023-04-12-a-16-58-57-png-6436d26319631-500x225.png 500w, https:\/\/newimages-hub.com\/wp-content\/uploads\/2023\/05\/en-capture-d-ecran-2023-04-12-a-16-58-57-png-6436d26319631-800x361.png 800w, https:\/\/newimages-hub.com\/wp-content\/uploads\/2023\/05\/en-capture-d-ecran-2023-04-12-a-16-58-57-png-6436d26319631.png 1162w\" sizes=\"auto, (max-width: 1024px) 100vw, 1024px\" \/><\/figure>\n\n\n\n<p>Following an international call for entries, more than 1400 applications from 70 countries were examined by an artistic and scientific committee of 200 international experts. The theme of this edition is <strong>Symbiosis<\/strong>. In this time of global health, ecological, economic and democratic crisis, symbiosis is a polysemous notion that allows us to explore in a transversal and interdisciplinary way the mutations and transformations underway in the digital age, to question the meaning supposedly given to progress, especially in the current environmental and health context, and to imagine possible and viable futures for our planet and our ecosystems.<\/p>\n\n\n\n<div class=\"wp-block-buttons is-layout-flex wp-block-buttons-is-layout-flex\">\n<div class=\"wp-block-button\"><a class=\"wp-block-button__link wp-element-button\" href=\"https:\/\/isea2023.isea-international.org\/en\/symposium-program\">FIND OUT MORE<\/a><\/div>\n<\/div>\n","protected":false},"excerpt":{"rendered":"<p>ISEA, a major event on the global electronic art scene, aims to strengthen the dialogue between artists, researchers, engineers, designers and entrepreneurs from the cultural and creative industries who participate in the advances of research and creation. This multidisciplinary event is open to both specialists and the general public. Following an international call for entries, [&hellip;]<\/p>\n","protected":false},"author":1643,"featured_media":68471,"comment_status":"closed","ping_status":"closed","sticky":true,"template":"","format":"standard","meta":{"ghostkit_customizer_options":"","ghostkit_custom_css":"","ghostkit_custom_js_head":"","ghostkit_custom_js_foot":"","ghostkit_typography":"","footnotes":""},"tags":[301,303,304],"class_list":["post-68494","post","type-post","status-publish","format-standard","has-post-thumbnail","hentry","tag-creation-numerique-en","tag-experiences-immersives-en","tag-art-en"],"acf":[],"yoast_head":"<!-- This site is optimized with the Yoast SEO plugin v24.7 - https:\/\/yoast.com\/wordpress\/plugins\/seo\/ -->\n<title>ISEA2023, from May 16 to 21 at the Forum des images! | NewImages Festival<\/title>\n<meta name=\"robots\" content=\"index, follow, max-snippet:-1, max-image-preview:large, max-video-preview:-1\" \/>\n<link rel=\"canonical\" href=\"https:\/\/newimages-hub.com\/en\/isea2023-from-may-16-to-21-at-the-forum-des-images\/\" \/>\n<meta property=\"og:locale\" content=\"en_US\" \/>\n<meta property=\"og:type\" content=\"article\" \/>\n<meta property=\"og:title\" content=\"ISEA2023, from May 16 to 21 at the Forum des images! | NewImages Festival\" \/>\n<meta property=\"og:description\" content=\"ISEA, a major event on the global electronic art scene, aims to strengthen the dialogue between artists, researchers, engineers, designers and entrepreneurs from the cultural and creative industries who participate in the advances of research and creation. This multidisciplinary event is open to both specialists and the general public. Following an international call for entries, [&hellip;]\" \/>\n<meta property=\"og:url\" content=\"https:\/\/newimages-hub.com\/en\/isea2023-from-may-16-to-21-at-the-forum-des-images\/\" \/>\n<meta property=\"og:site_name\" content=\"NewImages Festival\" \/>\n<meta property=\"article:publisher\" content=\"https:\/\/www.facebook.com\/Newimages.Festival\/\" \/>\n<meta property=\"article:published_time\" content=\"2023-05-16T13:49:29+00:00\" \/>\n<meta property=\"article:modified_time\" content=\"2023-05-16T13:49:31+00:00\" \/>\n<meta property=\"og:image\" content=\"https:\/\/newimages-hub.com\/wp-content\/uploads\/2023\/05\/1683721455304.jpg\" \/>\n\t<meta property=\"og:image:width\" content=\"1920\" \/>\n\t<meta property=\"og:image:height\" content=\"1080\" \/>\n\t<meta property=\"og:image:type\" content=\"image\/jpeg\" \/>\n<meta name=\"author\" content=\"Mathilde Guazzetti\" \/>\n<meta name=\"twitter:card\" content=\"summary_large_image\" \/>\n<meta name=\"twitter:creator\" content=\"@Newimages_Paris\" \/>\n<meta name=\"twitter:site\" content=\"@Newimages_Paris\" \/>\n<meta name=\"twitter:label1\" content=\"Written by\" \/>\n\t<meta name=\"twitter:data1\" content=\"Mathilde Guazzetti\" \/>\n\t<meta name=\"twitter:label2\" content=\"Est. reading time\" \/>\n\t<meta name=\"twitter:data2\" content=\"1 minute\" \/>\n<script type=\"application\/ld+json\" class=\"yoast-schema-graph\">{\"@context\":\"https:\/\/schema.org\",\"@graph\":[{\"@type\":\"Article\",\"@id\":\"https:\/\/newimages-hub.com\/en\/isea2023-from-may-16-to-21-at-the-forum-des-images\/#article\",\"isPartOf\":{\"@id\":\"https:\/\/newimages-hub.com\/en\/isea2023-from-may-16-to-21-at-the-forum-des-images\/\"},\"author\":{\"name\":\"Mathilde Guazzetti\",\"@id\":\"https:\/\/newimages-hub.com\/en\/#\/schema\/person\/9fd11e1c5eb851de9a268411950a6dab\"},\"headline\":\"ISEA2023, from May 16 to 21 at the Forum des images!\",\"datePublished\":\"2023-05-16T13:49:29+00:00\",\"dateModified\":\"2023-05-16T13:49:31+00:00\",\"mainEntityOfPage\":{\"@id\":\"https:\/\/newimages-hub.com\/en\/isea2023-from-may-16-to-21-at-the-forum-des-images\/\"},\"wordCount\":155,\"publisher\":{\"@id\":\"https:\/\/newimages-hub.com\/en\/#organization\"},\"image\":{\"@id\":\"https:\/\/newimages-hub.com\/en\/isea2023-from-may-16-to-21-at-the-forum-des-images\/#primaryimage\"},\"thumbnailUrl\":\"https:\/\/newimages-hub.com\/wp-content\/uploads\/2023\/05\/1683721455304.jpg\",\"keywords\":[\"cr\u00e9ation num\u00e9rique\",\"Exp\u00e9riences immersives\",\"Art\"],\"inLanguage\":\"en-US\"},{\"@type\":\"WebPage\",\"@id\":\"https:\/\/newimages-hub.com\/en\/isea2023-from-may-16-to-21-at-the-forum-des-images\/\",\"url\":\"https:\/\/newimages-hub.com\/en\/isea2023-from-may-16-to-21-at-the-forum-des-images\/\",\"name\":\"ISEA2023, from May 16 to 21 at the Forum des images! | NewImages Festival\",\"isPartOf\":{\"@id\":\"https:\/\/newimages-hub.com\/en\/#website\"},\"primaryImageOfPage\":{\"@id\":\"https:\/\/newimages-hub.com\/en\/isea2023-from-may-16-to-21-at-the-forum-des-images\/#primaryimage\"},\"image\":{\"@id\":\"https:\/\/newimages-hub.com\/en\/isea2023-from-may-16-to-21-at-the-forum-des-images\/#primaryimage\"},\"thumbnailUrl\":\"https:\/\/newimages-hub.com\/wp-content\/uploads\/2023\/05\/1683721455304.jpg\",\"datePublished\":\"2023-05-16T13:49:29+00:00\",\"dateModified\":\"2023-05-16T13:49:31+00:00\",\"breadcrumb\":{\"@id\":\"https:\/\/newimages-hub.com\/en\/isea2023-from-may-16-to-21-at-the-forum-des-images\/#breadcrumb\"},\"inLanguage\":\"en-US\",\"potentialAction\":[{\"@type\":\"ReadAction\",\"target\":[\"https:\/\/newimages-hub.com\/en\/isea2023-from-may-16-to-21-at-the-forum-des-images\/\"]}]},{\"@type\":\"ImageObject\",\"inLanguage\":\"en-US\",\"@id\":\"https:\/\/newimages-hub.com\/en\/isea2023-from-may-16-to-21-at-the-forum-des-images\/#primaryimage\",\"url\":\"https:\/\/newimages-hub.com\/wp-content\/uploads\/2023\/05\/1683721455304.jpg\",\"contentUrl\":\"https:\/\/newimages-hub.com\/wp-content\/uploads\/2023\/05\/1683721455304.jpg\",\"width\":1920,\"height\":1080,\"caption\":\"ISEA 2023\"},{\"@type\":\"BreadcrumbList\",\"@id\":\"https:\/\/newimages-hub.com\/en\/isea2023-from-may-16-to-21-at-the-forum-des-images\/#breadcrumb\",\"itemListElement\":[{\"@type\":\"ListItem\",\"position\":1,\"name\":\"Home\",\"item\":\"https:\/\/newimages-hub.com\/en\/\"},{\"@type\":\"ListItem\",\"position\":2,\"name\":\"ISEA2023, from May 16 to 21 at the Forum des images!\"}]},{\"@type\":\"WebSite\",\"@id\":\"https:\/\/newimages-hub.com\/en\/#website\",\"url\":\"https:\/\/newimages-hub.com\/en\/\",\"name\":\"NewImages Festival\",\"description\":\"Le festival de la cr\u00e9ation num\u00e9rique et des mondes virtuels\",\"publisher\":{\"@id\":\"https:\/\/newimages-hub.com\/en\/#organization\"},\"potentialAction\":[{\"@type\":\"SearchAction\",\"target\":{\"@type\":\"EntryPoint\",\"urlTemplate\":\"https:\/\/newimages-hub.com\/en\/?s={search_term_string}\"},\"query-input\":{\"@type\":\"PropertyValueSpecification\",\"valueRequired\":true,\"valueName\":\"search_term_string\"}}],\"inLanguage\":\"en-US\"},{\"@type\":\"Organization\",\"@id\":\"https:\/\/newimages-hub.com\/en\/#organization\",\"name\":\"NewImages Festival\",\"url\":\"https:\/\/newimages-hub.com\/en\/\",\"logo\":{\"@type\":\"ImageObject\",\"inLanguage\":\"en-US\",\"@id\":\"https:\/\/newimages-hub.com\/en\/#\/schema\/logo\/image\/\",\"url\":\"https:\/\/newimages-hub.com\/wp-content\/uploads\/2025\/12\/NI_LOGO_ROSE_RVB-2.png\",\"contentUrl\":\"https:\/\/newimages-hub.com\/wp-content\/uploads\/2025\/12\/NI_LOGO_ROSE_RVB-2.png\",\"width\":1181,\"height\":447,\"caption\":\"NewImages Festival\"},\"image\":{\"@id\":\"https:\/\/newimages-hub.com\/en\/#\/schema\/logo\/image\/\"},\"sameAs\":[\"https:\/\/www.facebook.com\/Newimages.Festival\/\",\"https:\/\/x.com\/Newimages_Paris\",\"http:\/\/newimages.festival\",\"https:\/\/fr.linkedin.com\/company\/newimagesart\/\"]},{\"@type\":\"Person\",\"@id\":\"https:\/\/newimages-hub.com\/en\/#\/schema\/person\/9fd11e1c5eb851de9a268411950a6dab\",\"name\":\"Mathilde Guazzetti\",\"image\":{\"@type\":\"ImageObject\",\"inLanguage\":\"en-US\",\"@id\":\"https:\/\/newimages-hub.com\/en\/#\/schema\/person\/image\/\",\"url\":\"https:\/\/secure.gravatar.com\/avatar\/ef8bc51589ac28e46799e362e7763d1b?s=96&d=mm&r=g\",\"contentUrl\":\"https:\/\/secure.gravatar.com\/avatar\/ef8bc51589ac28e46799e362e7763d1b?s=96&d=mm&r=g\",\"caption\":\"Mathilde Guazzetti\"},\"url\":\"https:\/\/newimages-hub.com\/en\/author\/mathilde-guazzetti\/\"}]}<\/script>\n<!-- \/ Yoast SEO plugin. -->","yoast_head_json":{"title":"ISEA2023, from May 16 to 21 at the Forum des images! | NewImages Festival","robots":{"index":"index","follow":"follow","max-snippet":"max-snippet:-1","max-image-preview":"max-image-preview:large","max-video-preview":"max-video-preview:-1"},"canonical":"https:\/\/newimages-hub.com\/en\/isea2023-from-may-16-to-21-at-the-forum-des-images\/","og_locale":"en_US","og_type":"article","og_title":"ISEA2023, from May 16 to 21 at the Forum des images! | NewImages Festival","og_description":"ISEA, a major event on the global electronic art scene, aims to strengthen the dialogue between artists, researchers, engineers, designers and entrepreneurs from the cultural and creative industries who participate in the advances of research and creation. This multidisciplinary event is open to both specialists and the general public. Following an international call for entries, [&hellip;]","og_url":"https:\/\/newimages-hub.com\/en\/isea2023-from-may-16-to-21-at-the-forum-des-images\/","og_site_name":"NewImages Festival","article_publisher":"https:\/\/www.facebook.com\/Newimages.Festival\/","article_published_time":"2023-05-16T13:49:29+00:00","article_modified_time":"2023-05-16T13:49:31+00:00","og_image":[{"width":1920,"height":1080,"url":"https:\/\/newimages-hub.com\/wp-content\/uploads\/2023\/05\/1683721455304.jpg","type":"image\/jpeg"}],"author":"Mathilde Guazzetti","twitter_card":"summary_large_image","twitter_creator":"@Newimages_Paris","twitter_site":"@Newimages_Paris","twitter_misc":{"Written by":"Mathilde Guazzetti","Est. reading time":"1 minute"},"schema":{"@context":"https:\/\/schema.org","@graph":[{"@type":"Article","@id":"https:\/\/newimages-hub.com\/en\/isea2023-from-may-16-to-21-at-the-forum-des-images\/#article","isPartOf":{"@id":"https:\/\/newimages-hub.com\/en\/isea2023-from-may-16-to-21-at-the-forum-des-images\/"},"author":{"name":"Mathilde Guazzetti","@id":"https:\/\/newimages-hub.com\/en\/#\/schema\/person\/9fd11e1c5eb851de9a268411950a6dab"},"headline":"ISEA2023, from May 16 to 21 at the Forum des images!","datePublished":"2023-05-16T13:49:29+00:00","dateModified":"2023-05-16T13:49:31+00:00","mainEntityOfPage":{"@id":"https:\/\/newimages-hub.com\/en\/isea2023-from-may-16-to-21-at-the-forum-des-images\/"},"wordCount":155,"publisher":{"@id":"https:\/\/newimages-hub.com\/en\/#organization"},"image":{"@id":"https:\/\/newimages-hub.com\/en\/isea2023-from-may-16-to-21-at-the-forum-des-images\/#primaryimage"},"thumbnailUrl":"https:\/\/newimages-hub.com\/wp-content\/uploads\/2023\/05\/1683721455304.jpg","keywords":["cr\u00e9ation num\u00e9rique","Exp\u00e9riences immersives","Art"],"inLanguage":"en-US"},{"@type":"WebPage","@id":"https:\/\/newimages-hub.com\/en\/isea2023-from-may-16-to-21-at-the-forum-des-images\/","url":"https:\/\/newimages-hub.com\/en\/isea2023-from-may-16-to-21-at-the-forum-des-images\/","name":"ISEA2023, from May 16 to 21 at the Forum des images! | NewImages Festival","isPartOf":{"@id":"https:\/\/newimages-hub.com\/en\/#website"},"primaryImageOfPage":{"@id":"https:\/\/newimages-hub.com\/en\/isea2023-from-may-16-to-21-at-the-forum-des-images\/#primaryimage"},"image":{"@id":"https:\/\/newimages-hub.com\/en\/isea2023-from-may-16-to-21-at-the-forum-des-images\/#primaryimage"},"thumbnailUrl":"https:\/\/newimages-hub.com\/wp-content\/uploads\/2023\/05\/1683721455304.jpg","datePublished":"2023-05-16T13:49:29+00:00","dateModified":"2023-05-16T13:49:31+00:00","breadcrumb":{"@id":"https:\/\/newimages-hub.com\/en\/isea2023-from-may-16-to-21-at-the-forum-des-images\/#breadcrumb"},"inLanguage":"en-US","potentialAction":[{"@type":"ReadAction","target":["https:\/\/newimages-hub.com\/en\/isea2023-from-may-16-to-21-at-the-forum-des-images\/"]}]},{"@type":"ImageObject","inLanguage":"en-US","@id":"https:\/\/newimages-hub.com\/en\/isea2023-from-may-16-to-21-at-the-forum-des-images\/#primaryimage","url":"https:\/\/newimages-hub.com\/wp-content\/uploads\/2023\/05\/1683721455304.jpg","contentUrl":"https:\/\/newimages-hub.com\/wp-content\/uploads\/2023\/05\/1683721455304.jpg","width":1920,"height":1080,"caption":"ISEA 2023"},{"@type":"BreadcrumbList","@id":"https:\/\/newimages-hub.com\/en\/isea2023-from-may-16-to-21-at-the-forum-des-images\/#breadcrumb","itemListElement":[{"@type":"ListItem","position":1,"name":"Home","item":"https:\/\/newimages-hub.com\/en\/"},{"@type":"ListItem","position":2,"name":"ISEA2023, from May 16 to 21 at the Forum des images!"}]},{"@type":"WebSite","@id":"https:\/\/newimages-hub.com\/en\/#website","url":"https:\/\/newimages-hub.com\/en\/","name":"NewImages Festival","description":"Le festival de la cr\u00e9ation num\u00e9rique et des mondes virtuels","publisher":{"@id":"https:\/\/newimages-hub.com\/en\/#organization"},"potentialAction":[{"@type":"SearchAction","target":{"@type":"EntryPoint","urlTemplate":"https:\/\/newimages-hub.com\/en\/?s={search_term_string}"},"query-input":{"@type":"PropertyValueSpecification","valueRequired":true,"valueName":"search_term_string"}}],"inLanguage":"en-US"},{"@type":"Organization","@id":"https:\/\/newimages-hub.com\/en\/#organization","name":"NewImages Festival","url":"https:\/\/newimages-hub.com\/en\/","logo":{"@type":"ImageObject","inLanguage":"en-US","@id":"https:\/\/newimages-hub.com\/en\/#\/schema\/logo\/image\/","url":"https:\/\/newimages-hub.com\/wp-content\/uploads\/2025\/12\/NI_LOGO_ROSE_RVB-2.png","contentUrl":"https:\/\/newimages-hub.com\/wp-content\/uploads\/2025\/12\/NI_LOGO_ROSE_RVB-2.png","width":1181,"height":447,"caption":"NewImages Festival"},"image":{"@id":"https:\/\/newimages-hub.com\/en\/#\/schema\/logo\/image\/"},"sameAs":["https:\/\/www.facebook.com\/Newimages.Festival\/","https:\/\/x.com\/Newimages_Paris","http:\/\/newimages.festival","https:\/\/fr.linkedin.com\/company\/newimagesart\/"]},{"@type":"Person","@id":"https:\/\/newimages-hub.com\/en\/#\/schema\/person\/9fd11e1c5eb851de9a268411950a6dab","name":"Mathilde Guazzetti","image":{"@type":"ImageObject","inLanguage":"en-US","@id":"https:\/\/newimages-hub.com\/en\/#\/schema\/person\/image\/","url":"https:\/\/secure.gravatar.com\/avatar\/ef8bc51589ac28e46799e362e7763d1b?s=96&d=mm&r=g","contentUrl":"https:\/\/secure.gravatar.com\/avatar\/ef8bc51589ac28e46799e362e7763d1b?s=96&d=mm&r=g","caption":"Mathilde Guazzetti"},"url":"https:\/\/newimages-hub.com\/en\/author\/mathilde-guazzetti\/"}]}},"_links":{"self":[{"href":"https:\/\/newimages-hub.com\/en\/wp-json\/wp\/v2\/posts\/68494","targetHints":{"allow":["GET"]}}],"collection":[{"href":"https:\/\/newimages-hub.com\/en\/wp-json\/wp\/v2\/posts"}],"about":[{"href":"https:\/\/newimages-hub.com\/en\/wp-json\/wp\/v2\/types\/post"}],"author":[{"embeddable":true,"href":"https:\/\/newimages-hub.com\/en\/wp-json\/wp\/v2\/users\/1643"}],"replies":[{"embeddable":true,"href":"https:\/\/newimages-hub.com\/en\/wp-json\/wp\/v2\/comments?post=68494"}],"version-history":[{"count":7,"href":"https:\/\/newimages-hub.com\/en\/wp-json\/wp\/v2\/posts\/68494\/revisions"}],"predecessor-version":[{"id":68503,"href":"https:\/\/newimages-hub.com\/en\/wp-json\/wp\/v2\/posts\/68494\/revisions\/68503"}],"wp:featuredmedia":[{"embeddable":true,"href":"https:\/\/newimages-hub.com\/en\/wp-json\/wp\/v2\/media\/68471"}],"wp:attachment":[{"href":"https:\/\/newimages-hub.com\/en\/wp-json\/wp\/v2\/media?parent=68494"}],"wp:term":[{"taxonomy":"post_tag","embeddable":true,"href":"https:\/\/newimages-hub.com\/en\/wp-json\/wp\/v2\/tags?post=68494"}],"curies":[{"name":"wp","href":"https:\/\/api.w.org\/{rel}","templated":true}]}}