{"id":69842,"date":"2023-10-19T12:38:45","date_gmt":"2023-10-19T10:38:45","guid":{"rendered":"https:\/\/newimages-hub.com\/?p=69842"},"modified":"2023-10-19T12:38:46","modified_gmt":"2023-10-19T10:38:46","slug":"first-think-tank-cultural-places-and-metaverses","status":"publish","type":"post","link":"https:\/\/newimages-hub.com\/en\/first-think-tank-cultural-places-and-metaverses\/","title":{"rendered":"Think Tank &#8220;Cultural places and metaverses&#8221;"},"content":{"rendered":"\n<h2 class=\"wp-block-heading\" id=\"un-projet-newimages-hub-et-club-innovation-culture-clic-1\"><strong>A NewImages Hub and Club Innovation &amp; Culture CLIC project<\/strong><\/h2>\n\n\n\n<p>On September 19, 2023, the <strong>Forum des images<\/strong> hosted the launch of the Think Tank &#8220;<strong>cultural places and metaverses<\/strong>&#8220;, initiated and run jointly by NewImages Hub and Club Innovation &amp; Culture CLIC. This cycle of reflection invites places of artistic, historical and scientific culture to imagine, together and with companies, <strong>the future of cultural institutions in the metaverse<\/strong>.<\/p>\n\n\n\n<p><strong>&#8220;<em>The idea behind the Think Tank, co-piloted by the Forum des images and CLIC, is to create a crossroads between cultural institutions and French tech companies<\/em>&#8221; explained Michele Ziegler and Pierre-Yves Lochon, co-hosts of the Think Tank.<\/strong><\/p>\n\n\n\n<p>Which metavers for which uses? How to protect artists and copyright? How to finance these developments? How can we support users? How can we make these projects compatible with sustainable development?<\/p>\n\n\n\n<p><strong>66 participants representing more than 40 institutions and companies<\/strong> took part in the Think Tank&#8217;s first workshop, and thus wished to be associated with our reflections and work, including <strong>Universcience<\/strong>, <strong>RMN<\/strong>, <strong>Paris Mus\u00e9es<\/strong>, <strong>Mus\u00e9e du Louvre<\/strong>, <strong>CMN<\/strong>, <strong>Mus\u00e9e de l&#8217;Arm\u00e9e<\/strong>, <strong>Mus\u00e9e d&#8217;Orsay<\/strong>, <strong>Caisse des D\u00e9p\u00f4ts<\/strong>, <strong>Minist\u00e8re de la Culture<\/strong> and others.<\/p>\n\n\n\n<p>At this 1st session on September 19, 2023 :<\/p>\n\n\n\n<ul class=\"wp-block-list\">\n<li><strong>Olivier Fontenay<\/strong>, head of the Digital Creation department at the Centre national du cin\u00e9ma et de l&#8217;image anim\u00e9e (CNC), presented a summary of the CNC study &#8220;<strong>Immersive uses, from virtual reality to the metaverse<\/strong>&#8221; (published in September 2023). <a href=\"https:\/\/www.cnc.fr\/documents\/36995\/1872922\/Les+usages+immersifs%2C+de+la+r%C3%A9alit%C3%A9+virtuelle+au+m%C3%A9tavers.pdf\/2c3693f2-4085-6ca6-5e37-2c0995b15d0b?t=1693558191224\">(link to the study)<\/a><\/li>\n\n\n\n<li><strong>3 players from the French metaverse<\/strong> spoke about the development of their projects, their objectives, and the ways in which they cooperate with cultural institutions.<\/li>\n<\/ul>\n\n\n\n<p><strong>These French cultural metaverse projects were presented by :<\/strong><\/p>\n\n\n\n<ul class=\"wp-block-list\">\n<li><strong>Cl\u00e9ment Merville<\/strong>, founder of <strong>Manzalab<\/strong> and <strong>Rapha\u00ebl Granier De Cassagnac<\/strong>, <strong>Polytechnique <\/strong>museum for the <a href=\"https:\/\/teemew.com\/\"><strong>Teemew<\/strong><\/a> project.<\/li>\n<\/ul>\n\n\n\n<ul class=\"wp-block-list\">\n<li> <strong>Abla Benmiloud Faucher<\/strong>, Head of Strategy, Forward Planning and Digital Affairs at the <strong>Centre des Monuments Nationaux<\/strong>, and <strong>Thomas Tassin<\/strong>, co-founder of <a href=\"https:\/\/mira.world\/\"><strong>Mira Garou<\/strong><\/a> (collaboration between Mira and the Centre Monuments Nationaux &#8211; CMN).<\/li>\n<\/ul>\n\n\n\n<ul class=\"wp-block-list\">\n<li><strong>Louis Cacciuttolo<\/strong>, founder of <a href=\"https:\/\/vrroom.world\/\"><strong>VRROOM<\/strong><\/a>.<\/li>\n<\/ul>\n\n\n\n<p>Project presentations were followed by a question and answer session.<\/p>\n\n\n\n<figure class=\"wp-block-gallery has-nested-images columns-default is-cropped wp-block-gallery-1 is-layout-flex wp-block-gallery-is-layout-flex\">\n<figure class=\"wp-block-image size-large\"><img loading=\"lazy\" decoding=\"async\" width=\"1024\" height=\"768\" data-id=\"69822\" src=\"https:\/\/newimages-hub.com\/wp-content\/uploads\/2023\/10\/image00014-1-1024x768.jpg\" alt=\"\" class=\"wp-image-69822\" srcset=\"https:\/\/newimages-hub.com\/wp-content\/uploads\/2023\/10\/image00014-1-1024x768.jpg 1024w, https:\/\/newimages-hub.com\/wp-content\/uploads\/2023\/10\/image00014-1-300x225.jpg 300w, https:\/\/newimages-hub.com\/wp-content\/uploads\/2023\/10\/image00014-1-768x576.jpg 768w, https:\/\/newimages-hub.com\/wp-content\/uploads\/2023\/10\/image00014-1-1536x1152.jpg 1536w, https:\/\/newimages-hub.com\/wp-content\/uploads\/2023\/10\/image00014-1-2048x1536.jpg 2048w, https:\/\/newimages-hub.com\/wp-content\/uploads\/2023\/10\/image00014-1-500x375.jpg 500w, https:\/\/newimages-hub.com\/wp-content\/uploads\/2023\/10\/image00014-1-800x600.jpg 800w, https:\/\/newimages-hub.com\/wp-content\/uploads\/2023\/10\/image00014-1-1280x960.jpg 1280w, https:\/\/newimages-hub.com\/wp-content\/uploads\/2023\/10\/image00014-1-1920x1440.jpg 1920w\" sizes=\"auto, (max-width: 1024px) 100vw, 1024px\" \/><\/figure>\n\n\n\n<figure class=\"wp-block-image size-large\"><img loading=\"lazy\" decoding=\"async\" width=\"1024\" height=\"768\" data-id=\"69824\" src=\"https:\/\/newimages-hub.com\/wp-content\/uploads\/2023\/10\/image00007-1-1024x768.jpg\" alt=\"\" class=\"wp-image-69824\" srcset=\"https:\/\/newimages-hub.com\/wp-content\/uploads\/2023\/10\/image00007-1-1024x768.jpg 1024w, https:\/\/newimages-hub.com\/wp-content\/uploads\/2023\/10\/image00007-1-300x225.jpg 300w, https:\/\/newimages-hub.com\/wp-content\/uploads\/2023\/10\/image00007-1-768x576.jpg 768w, https:\/\/newimages-hub.com\/wp-content\/uploads\/2023\/10\/image00007-1-1536x1152.jpg 1536w, https:\/\/newimages-hub.com\/wp-content\/uploads\/2023\/10\/image00007-1-2048x1536.jpg 2048w, https:\/\/newimages-hub.com\/wp-content\/uploads\/2023\/10\/image00007-1-500x375.jpg 500w, https:\/\/newimages-hub.com\/wp-content\/uploads\/2023\/10\/image00007-1-800x600.jpg 800w, https:\/\/newimages-hub.com\/wp-content\/uploads\/2023\/10\/image00007-1-1280x960.jpg 1280w, https:\/\/newimages-hub.com\/wp-content\/uploads\/2023\/10\/image00007-1-1920x1440.jpg 1920w\" sizes=\"auto, (max-width: 1024px) 100vw, 1024px\" \/><\/figure>\n\n\n\n<figure class=\"wp-block-image size-large\"><img loading=\"lazy\" decoding=\"async\" width=\"1024\" height=\"768\" data-id=\"69828\" src=\"https:\/\/newimages-hub.com\/wp-content\/uploads\/2023\/10\/image00022-1024x768.jpg\" alt=\"\" class=\"wp-image-69828\" srcset=\"https:\/\/newimages-hub.com\/wp-content\/uploads\/2023\/10\/image00022-1024x768.jpg 1024w, https:\/\/newimages-hub.com\/wp-content\/uploads\/2023\/10\/image00022-300x225.jpg 300w, https:\/\/newimages-hub.com\/wp-content\/uploads\/2023\/10\/image00022-768x576.jpg 768w, https:\/\/newimages-hub.com\/wp-content\/uploads\/2023\/10\/image00022-1536x1152.jpg 1536w, https:\/\/newimages-hub.com\/wp-content\/uploads\/2023\/10\/image00022-2048x1536.jpg 2048w, https:\/\/newimages-hub.com\/wp-content\/uploads\/2023\/10\/image00022-500x375.jpg 500w, https:\/\/newimages-hub.com\/wp-content\/uploads\/2023\/10\/image00022-800x600.jpg 800w, https:\/\/newimages-hub.com\/wp-content\/uploads\/2023\/10\/image00022-1280x960.jpg 1280w, https:\/\/newimages-hub.com\/wp-content\/uploads\/2023\/10\/image00022-1920x1440.jpg 1920w\" sizes=\"auto, (max-width: 1024px) 100vw, 1024px\" \/><\/figure>\n<\/figure>\n\n\n\n<h2 class=\"wp-block-heading\" id=\"ii-le-metavers-un-espace-numerique-encore-trop-incompris-1\"><strong>The metaverse, a digital space still too little understood<\/strong><\/h2>\n\n\n\n<p>The metaverse, while still evolving, is defined as persistent, virtual spaces combining aspects of social networks, video games, virtual reality (VR) and augmented reality (AR). Interaction is at the heart of this new reality, enabling us to act on the environment, on objects and with other users.<\/p>\n\n\n\n<p>The study presented by Olivier Fontenay shows that while virtual reality is known by 92% of those surveyed, metavers are known by only 72%. 18-34 year-olds are particularly curious about VR, using it mainly for<strong> video games and cultural experiences<\/strong>.<\/p>\n\n\n\n<p><strong>As for metavers<\/strong>, with the exception of Fortnite and, to a lesser extent, Roblox, they are struggling to make their mark, due to a lack of <strong>knowledge or mistrust<\/strong> of these digital spaces on the part of the public.<\/p>\n\n\n\n<p>Only 1 in 3 French people plan to associate their social network accounts with metavers.<\/p>\n\n\n\n<p>&#8220;<strong>The majority of French people recognize the social and environmental stakes of metavers<\/strong>&#8221; &#8211; CNC study.<\/p>\n\n\n\n<p>With this in mind, a number of French players are working to develop secure, transparent and eco-responsible metavers platforms. Combining fun and educational content, their aim is to make metavers as attractive and accessible as virtual reality already is.<\/p>\n\n\n\n<h2 class=\"wp-block-heading\" id=\"french-metaverse-players-between-diversity-and-interoperability\"><strong>French Metaverse players: between diversity and interoperability<\/strong><\/h2>\n\n\n\n<p>We were fortunate to be able to attend <strong>the presentations of 3 projects and their teams<\/strong>, which gave us an insight into their different objectives and approaches to developing their Metavers.<\/p>\n\n\n\n<p>ManzaLab and Teemew: Towards 3D for cultural institutions<\/p>\n\n\n\n<p>Led by <strong>Cl\u00e9ment Merville<\/strong>, President of <strong>ManzaLab<\/strong>, and <strong>Rapha\u00ebl Granier de Cassagnac<\/strong> of the <strong>Mus\u00e9e Polytechnique&#8217;s Centre SPRIAL<\/strong>, Teemew aims to become a platform where institutions large and small can create their own virtual museums and plan metaverse tours.<\/p>\n\n\n\n<figure class=\"wp-block-gallery has-nested-images columns-default is-cropped wp-block-gallery-2 is-layout-flex wp-block-gallery-is-layout-flex\">\n<figure class=\"wp-block-image size-large\"><img loading=\"lazy\" decoding=\"async\" width=\"1024\" height=\"768\" data-id=\"69832\" src=\"https:\/\/newimages-hub.com\/wp-content\/uploads\/2023\/10\/image00006-1024x768.jpg\" alt=\"\" class=\"wp-image-69832\" srcset=\"https:\/\/newimages-hub.com\/wp-content\/uploads\/2023\/10\/image00006-1024x768.jpg 1024w, https:\/\/newimages-hub.com\/wp-content\/uploads\/2023\/10\/image00006-300x225.jpg 300w, https:\/\/newimages-hub.com\/wp-content\/uploads\/2023\/10\/image00006-768x576.jpg 768w, https:\/\/newimages-hub.com\/wp-content\/uploads\/2023\/10\/image00006-1536x1152.jpg 1536w, https:\/\/newimages-hub.com\/wp-content\/uploads\/2023\/10\/image00006-2048x1536.jpg 2048w, https:\/\/newimages-hub.com\/wp-content\/uploads\/2023\/10\/image00006-500x375.jpg 500w, https:\/\/newimages-hub.com\/wp-content\/uploads\/2023\/10\/image00006-800x600.jpg 800w, https:\/\/newimages-hub.com\/wp-content\/uploads\/2023\/10\/image00006-1280x960.jpg 1280w, https:\/\/newimages-hub.com\/wp-content\/uploads\/2023\/10\/image00006-1920x1440.jpg 1920w\" sizes=\"auto, (max-width: 1024px) 100vw, 1024px\" \/><\/figure>\n\n\n\n<figure class=\"wp-block-image size-large\"><img loading=\"lazy\" decoding=\"async\" width=\"1024\" height=\"768\" data-id=\"69830\" src=\"https:\/\/newimages-hub.com\/wp-content\/uploads\/2023\/10\/image00026-1024x768.jpg\" alt=\"\" class=\"wp-image-69830\" srcset=\"https:\/\/newimages-hub.com\/wp-content\/uploads\/2023\/10\/image00026-1024x768.jpg 1024w, https:\/\/newimages-hub.com\/wp-content\/uploads\/2023\/10\/image00026-300x225.jpg 300w, https:\/\/newimages-hub.com\/wp-content\/uploads\/2023\/10\/image00026-768x576.jpg 768w, https:\/\/newimages-hub.com\/wp-content\/uploads\/2023\/10\/image00026-1536x1152.jpg 1536w, https:\/\/newimages-hub.com\/wp-content\/uploads\/2023\/10\/image00026-2048x1536.jpg 2048w, https:\/\/newimages-hub.com\/wp-content\/uploads\/2023\/10\/image00026-500x375.jpg 500w, https:\/\/newimages-hub.com\/wp-content\/uploads\/2023\/10\/image00026-800x600.jpg 800w, https:\/\/newimages-hub.com\/wp-content\/uploads\/2023\/10\/image00026-1280x960.jpg 1280w, https:\/\/newimages-hub.com\/wp-content\/uploads\/2023\/10\/image00026-1920x1440.jpg 1920w\" sizes=\"auto, (max-width: 1024px) 100vw, 1024px\" \/><\/figure>\n<\/figure>\n\n\n\n<p>As Cl\u00e9ment Merville puts it, it&#8217;s &#8220;<strong>a platform on the web where you can get together<\/strong>&#8220;, &#8220;<strong>it&#8217;s a moment shared by several people, with family, friends, a class, or even strangers, who have a common goal for their visit, with a very real guide in the virtual universe<\/strong>&#8220;.<\/p>\n\n\n\n<p>Faced with many institutions unable to finance such projects, ManzaLab is committed to working closely with them on possible uses and support during working meetings, with the leitmotiv of &#8220;<strong>building with the cultural industries<\/strong>&#8220;.<\/p>\n\n\n\n<p>The launch, scheduled for next month, will involve partners such as the <strong>Mus\u00e9e d&#8217;arch\u00e9ologie national<\/strong> and the <strong>Mus\u00e9e du quai Branly<\/strong>, <strong>the Art Decos<\/strong>, <strong>the Mus\u00e9e Jules Verne<\/strong> (Nantes), the <strong>Mus\u00e9um d&#8217;Histoire Naturelle<\/strong>\u2026 and they&#8217;re letting us know that <strong>there are still one or two places available for a cultural institution<\/strong>!<\/p>\n\n\n\n<p><a href=\"https:\/\/teemew.com\/\"><em>Here is the Teemew website<\/em><\/a><\/p>\n\n\n\n<p><em>Contact : Cl\u00e9ment Merville <\/em><a href=\"mailto:cmerville@manzalab.com\"><em>cmerville@manzalab.com<\/em><\/a><\/p>\n\n\n\n<figure class=\"wp-block-embed is-type-video is-provider-youtube wp-block-embed-youtube wp-embed-aspect-16-9 wp-has-aspect-ratio\"><div class=\"wp-block-embed__wrapper\">\n<iframe loading=\"lazy\" title=\"Trailer Teemew - FR \ud83c\uddeb\ud83c\uddf7\" width=\"1200\" height=\"675\" src=\"https:\/\/www.youtube.com\/embed\/5SwYGokyf8c?feature=oembed\" frameborder=\"0\" allow=\"accelerometer; autoplay; clipboard-write; encrypted-media; gyroscope; picture-in-picture; web-share\" allowfullscreen><\/iframe>\n<\/div><\/figure>\n\n\n\n<p>Mira &amp; the Centre des Monuments Nationaux: Expanding the horizons of the digital viewer<\/p>\n\n\n\n<p>According to Abla Benmiloud Faucher of the Centre des Monuments Nationaux, &#8220;<strong>digital visitors will eventually have as much impact as physical visitors<\/strong>&#8220;.<\/p>\n\n\n\n<p>The collaboration between CMN and Mira Garou, co-founded by Thomas Tassin, is based on the development of digital tours and their <strong>high satisfaction rate<\/strong>, and the emergence of technologies enabling the creation of photorealistic 3D &#8220;<strong>digital twins<\/strong>&#8220;.<\/p>\n\n\n\n<figure class=\"wp-block-image size-large\"><img loading=\"lazy\" decoding=\"async\" width=\"1024\" height=\"768\" src=\"https:\/\/newimages-hub.com\/wp-content\/uploads\/2023\/10\/image00004-1024x768.jpg\" alt=\"\" class=\"wp-image-69826\" srcset=\"https:\/\/newimages-hub.com\/wp-content\/uploads\/2023\/10\/image00004-1024x768.jpg 1024w, https:\/\/newimages-hub.com\/wp-content\/uploads\/2023\/10\/image00004-300x225.jpg 300w, https:\/\/newimages-hub.com\/wp-content\/uploads\/2023\/10\/image00004-768x576.jpg 768w, https:\/\/newimages-hub.com\/wp-content\/uploads\/2023\/10\/image00004-1536x1152.jpg 1536w, https:\/\/newimages-hub.com\/wp-content\/uploads\/2023\/10\/image00004-2048x1536.jpg 2048w, https:\/\/newimages-hub.com\/wp-content\/uploads\/2023\/10\/image00004-500x375.jpg 500w, https:\/\/newimages-hub.com\/wp-content\/uploads\/2023\/10\/image00004-800x600.jpg 800w, https:\/\/newimages-hub.com\/wp-content\/uploads\/2023\/10\/image00004-1280x960.jpg 1280w, https:\/\/newimages-hub.com\/wp-content\/uploads\/2023\/10\/image00004-1920x1440.jpg 1920w\" sizes=\"auto, (max-width: 1024px) 100vw, 1024px\" \/><\/figure>\n\n\n\n<p>Mira aims to use 3D to present iconic sites, such as the Ch\u00e2teau d&#8217;Azay-le-Rideau and its holy chapel, in a new, immersive way. Their vision: to combine the beauty of the real with augmented experiences, offering visitors games or &#8220;time travel&#8221;. As Thomas Tassin points out, their platform aspires to offer more than just a simple visit: &#8220;<strong>We can do simple visits, but we want to go further<\/strong>.&#8221;<\/p>\n\n\n\n<p><strong>Mira can still welcome cultural partners.<\/strong><\/p>\n\n\n\n<p><a href=\"https:\/\/mira.world\/\">Here is the Mira website<\/a><\/p>\n\n\n\n<p>Thomas Tassin, Co-founder, Mira: thomas@mira.world<\/p>\n\n\n\n<figure class=\"wp-block-embed is-type-video is-provider-youtube wp-block-embed-youtube wp-embed-aspect-16-9 wp-has-aspect-ratio\"><div class=\"wp-block-embed__wrapper\">\n<iframe loading=\"lazy\" title=\"Explorez la Sainte-Chapelle en 3D !\" width=\"1200\" height=\"675\" src=\"https:\/\/www.youtube.com\/embed\/d74BYIoDrAg?feature=oembed\" frameborder=\"0\" allow=\"accelerometer; autoplay; clipboard-write; encrypted-media; gyroscope; picture-in-picture; web-share\" allowfullscreen><\/iframe>\n<\/div><\/figure>\n\n\n\n<p>VRROOM, live performance and Metavers<\/p>\n\n\n\n<p>&#8220;<strong>Coming from a live performance background, I&#8217;m convinced that this emotion only exists if it&#8217;s shared<\/strong>&#8221; says <strong>Louis Cacciuttolo<\/strong>, founder of <strong>VRROOM<\/strong>. This metaverse event platform targets live performance experiences aimed at a wide audience, and enables artists such as Jean-Michel Jarre to reach their audiences and monetize their work.<\/p>\n\n\n\n<p><strong>VRROOM<\/strong> is less concerned with photorealism than the other projects, as the constraints linked to the platform are not the same; audience gauges are very high, and the playful aspect allows for greater graphic freedom. &#8220;<strong>Cultural venues have often evolved over the centuries, and there&#8217;s no reason why that should stop today<\/strong>&#8221; adds <strong>Louis Cacciuttolo<\/strong>.<\/p>\n\n\n\n<figure class=\"wp-block-image size-large\"><img loading=\"lazy\" decoding=\"async\" width=\"1024\" height=\"768\" src=\"https:\/\/newimages-hub.com\/wp-content\/uploads\/2023\/10\/image00011-1024x768.jpg\" alt=\"\" class=\"wp-image-69834\" srcset=\"https:\/\/newimages-hub.com\/wp-content\/uploads\/2023\/10\/image00011-1024x768.jpg 1024w, https:\/\/newimages-hub.com\/wp-content\/uploads\/2023\/10\/image00011-300x225.jpg 300w, https:\/\/newimages-hub.com\/wp-content\/uploads\/2023\/10\/image00011-768x576.jpg 768w, https:\/\/newimages-hub.com\/wp-content\/uploads\/2023\/10\/image00011-1536x1152.jpg 1536w, https:\/\/newimages-hub.com\/wp-content\/uploads\/2023\/10\/image00011-2048x1536.jpg 2048w, https:\/\/newimages-hub.com\/wp-content\/uploads\/2023\/10\/image00011-500x375.jpg 500w, https:\/\/newimages-hub.com\/wp-content\/uploads\/2023\/10\/image00011-800x600.jpg 800w, https:\/\/newimages-hub.com\/wp-content\/uploads\/2023\/10\/image00011-1280x960.jpg 1280w, https:\/\/newimages-hub.com\/wp-content\/uploads\/2023\/10\/image00011-1920x1440.jpg 1920w\" sizes=\"auto, (max-width: 1024px) 100vw, 1024px\" \/><\/figure>\n\n\n\n<p>The project&#8217;s financing is based on grants, but also monetization, which is easier to set up on this type of platform than on the other two projects, with the <strong>implementation of a ticketing system<\/strong>, an<strong> asset library, merchandising<\/strong>, or <strong>intelligent product placement with interactive 3d objects<\/strong>.<\/p>\n\n\n\n<p>The launch party for the VRROOM platform will take place on <strong>November 7<\/strong>, 2023, with a <strong>virtual launch concert<\/strong>.<\/p>\n\n\n\n<p>VRROOM is open to partnerships with cultural venues.<\/p>\n\n\n\n<p><a href=\"https:\/\/vrroom.world\/\"><em>Here is the VRROOM website<\/em><\/a><\/p>\n\n\n\n<p><strong>Louis Cacciuttolo<\/strong>, <strong>VRROOM<\/strong> founder: louis@vrroom.world<\/p>\n\n\n\n<figure class=\"wp-block-embed is-type-video is-provider-vimeo wp-block-embed-vimeo wp-embed-aspect-16-9 wp-has-aspect-ratio\"><div class=\"wp-block-embed__wrapper\">\n<iframe loading=\"lazy\" title=\"VRROOM Trailer 2023_1min.mp4\" src=\"https:\/\/player.vimeo.com\/video\/795403628?h=53606c5980&amp;dnt=1&amp;app_id=122963\" width=\"1200\" height=\"675\" frameborder=\"0\" allow=\"autoplay; fullscreen; picture-in-picture\"><\/iframe>\n<\/div><\/figure>\n\n\n\n<h2 class=\"wp-block-heading\" id=\"an-environment-that-raises-questions-the-players-provide-some-answers\"><strong>An environment that raises questions, the players provide some answers<\/strong><\/h2>\n\n\n\n<p>During this first Think Tank session, the guests present were able to share their questions and sometimes their doubts about the development of these metaverse platforms.<\/p>\n\n\n\n<p><strong>Interoperability<\/strong>: Compatibility between different platforms and other metavers initiatives is crucial, as cultural institutions are already using numerous digital tools. Some projects, such as VRROOM, already promote interoperability with initiatives such as the use of easily importable avatars. So this is a blueprint for interoperability, with a strong ecosystem logic and links that cannot all be easily mastered.<\/p>\n\n\n\n<p><strong>Cost and monetization<\/strong>: Institutions are concerned about the cost associated with metavers, seeking a viable business model. Teemew, for example, envisages a cost of one euro per user. Mira x CMN is focusing on creating a platform offering versatile functionality at a low cost. However, the technological landscape is evolving so rapidly that it is difficult to determine fixed costs.<\/p>\n\n\n\n<p>To give a few more specific examples, the Teemew platform is not part of a profit-making business model. Evaluating the user cost at one euro per visitor, we would increase the original ticket price for a museum by \u20ac2 per visitor, of which \u20ac1 for the platform and \u20ac1 for the museum.<\/p>\n\n\n\n<p>The Mira x CMN project&#8217;s cost-cutting ambitions are to establish<strong> a platform logic<\/strong> and create &#8220;<strong>ready-to-use<\/strong>&#8221; <strong>technical resources<\/strong>, with functionalities that allow broadcasting on multiple screens, creating avatars, or including online payment methods. So\u2026 how to monetize? &#8220;<strong>We&#8217;re not there yet<\/strong>!&#8221; replies Abla Benmiloud Faucher. The monetization test phase will begin next year, with the aim of <strong>rolling out the platform by the end of 2024<\/strong>.<\/p>\n\n\n\n<p>To conclude the budget point, Louis Cacciuttolo reminds us that in a year&#8217;s time, everything will already have changed considerably, from business models to technologies. So it&#8217;s hard to estimate costs in advance, given how fast the XR and metaverse environments are evolving!<\/p>\n\n\n\n<p><strong>Impact environnemental <\/strong>: Dans le contexte de <strong>France 2030<\/strong>, l&#8217;empreinte carbone des m\u00e9tavers est une pr\u00e9occupation. Les plateformes varient en impact ; Teemew et Mira ont une faible empreinte, car il est possible de faire fonctionner le syst\u00e8me <strong>en r\u00e9seau local<\/strong>, et donc de ne pas solliciter des serveurs en plus. ManzaLab sp\u00e9cifiquement, \u00e9met<strong> 4 fois moins de carbone que Teams ou Zoom<\/strong>. VRROOM, orient\u00e9 vers le divertissement, est peut-\u00eatre plus gourmand en ressources, par ses jauges plus \u00e9lev\u00e9es et des contenus plus nombreux. <strong>Environmental impact<\/strong>: In the context of <strong>France 2030<\/strong>, the carbon footprint of metavers is a concern. Platforms vary in their impact; Teemew and Mira have a low footprint, as it is possible to run the system <strong>on a local network<\/strong>, and therefore not require additional servers. ManzaLab specifically, emits <strong>4 times less carbon than Teams or Zoom<\/strong>. VRROOM, oriented towards entertainment, is perhaps more resource-hungry, due to its higher gauges and more content.<\/p>\n\n\n\n<p>We were reminded, however, that all these uses are bound to evolve, and very quickly. Today, for example, we can create photogrammetries that will be more easily calculated by a game engine such as Unreal. We have to wait for the arrival of new technologies, and see how they evolve and optimize. All players are working to <strong>create cleaner platforms that respect the environment as much as possible<\/strong>.<\/p>\n\n\n\n<p><strong>Accessibility<\/strong>: How can we democratize access to metavers, especially for those who are not technophiles? Information and training sessions, as well as brainstorming sessions, are offered to ease the transition.<\/p>\n\n\n\n<p>The speakers were reassuring, announcing<strong> regular meetings with the institutions<\/strong>, to work out future experiments and their economic models together, and thus respond to the various issues.<\/p>\n\n\n\n<p><strong>For example, Mira offers practical reflection meetings, open to all, free of charge<\/strong>. These include technical and practical reflections with concrete examples, and &#8220;<strong>panorama<\/strong>&#8221; meetings open to all institutions.<\/p>\n\n\n\n<p>In short, while metavers offer immense potential, they also raise many questions that need to be addressed collectively by those working in the field. This is the main objective of the Think Tank &#8220;<strong>Cultural places and metaverses<\/strong>&#8220;.<\/p>\n\n\n\n<figure class=\"wp-block-gallery has-nested-images columns-default is-cropped wp-block-gallery-3 is-layout-flex wp-block-gallery-is-layout-flex\">\n<figure class=\"wp-block-image size-large\"><img loading=\"lazy\" decoding=\"async\" width=\"1024\" height=\"768\" data-id=\"69836\" src=\"https:\/\/newimages-hub.com\/wp-content\/uploads\/2023\/10\/image00028-1024x768.jpg\" alt=\"\" class=\"wp-image-69836\" srcset=\"https:\/\/newimages-hub.com\/wp-content\/uploads\/2023\/10\/image00028-1024x768.jpg 1024w, https:\/\/newimages-hub.com\/wp-content\/uploads\/2023\/10\/image00028-300x225.jpg 300w, https:\/\/newimages-hub.com\/wp-content\/uploads\/2023\/10\/image00028-768x576.jpg 768w, https:\/\/newimages-hub.com\/wp-content\/uploads\/2023\/10\/image00028-1536x1152.jpg 1536w, https:\/\/newimages-hub.com\/wp-content\/uploads\/2023\/10\/image00028-2048x1536.jpg 2048w, https:\/\/newimages-hub.com\/wp-content\/uploads\/2023\/10\/image00028-500x375.jpg 500w, https:\/\/newimages-hub.com\/wp-content\/uploads\/2023\/10\/image00028-800x600.jpg 800w, https:\/\/newimages-hub.com\/wp-content\/uploads\/2023\/10\/image00028-1280x960.jpg 1280w, https:\/\/newimages-hub.com\/wp-content\/uploads\/2023\/10\/image00028-1920x1440.jpg 1920w\" sizes=\"auto, (max-width: 1024px) 100vw, 1024px\" \/><\/figure>\n<\/figure>\n\n\n\n<h2 class=\"wp-block-heading\" id=\"important-points-and-future-interest-of-think-tank-forum-des-images-x-clic\"><strong>Important points and future interest of Think Tank, Forum des images x CLIC<\/strong><\/h2>\n\n\n\n<p>The Think Tank &#8220;<strong>Cultural places and metaverses<\/strong>&#8221; is the network to join and follow if you want to meet up with us, get informed, and collectively imagine the <strong>future of French cultural institutions in the metaverse<\/strong>.<\/p>\n\n\n\n<p>By bringing together innovative players (cultural institutions or companies) and partners in the sector, this think-tank, <strong>co-hosted by the Forum des images and the CLIC<\/strong>, aims to encourage debate and the decompartmentalization of knowledge relating to new technologies, so that everyone can build an informed opinion, particularly in the context of the discussions and calls for projects under the &#8220;<strong>France 2030<\/strong>&#8221; plan.<\/p>\n\n\n\n<p>Future <strong>workgroups and brainstorming sessions<\/strong> will take place unless otherwise indicated,<\/p>\n\n\n\n<ul class=\"wp-block-list\">\n<li>November 24, 2023 (morning)<\/li>\n<\/ul>\n\n\n\n<ul class=\"wp-block-list\">\n<li>January 16, 2024 (morning)<\/li>\n<\/ul>\n\n\n\n<ul class=\"wp-block-list\">\n<li>And March 14, 2024 (morning)<\/li>\n<\/ul>\n\n\n\n<p>with these respective themes:<strong> technology and ecology<\/strong>, <strong>uses and business models<\/strong>, <strong>legal and ethics<\/strong>.<\/p>\n\n\n\n<p>In the meantime, it&#8217;s still possible to join the VRROOM platform launch party <strong>on November 7, 2023<\/strong>, or to take part in the other 2, depending on the number of places still available!<\/p>\n","protected":false},"excerpt":{"rendered":"<p>September 19, 2023 saw the launch of the Think Tank &#8220;cultural places and metaverses&#8221; at the Forum des images, organized by NewImages Hub and CLIC.<\/p>\n","protected":false},"author":1644,"featured_media":69820,"comment_status":"closed","ping_status":"closed","sticky":true,"template":"","format":"standard","meta":{"ghostkit_customizer_options":"","ghostkit_custom_css":"","ghostkit_custom_js_head":"","ghostkit_custom_js_foot":"","ghostkit_typography":"","footnotes":""},"tags":[401,400,399,398,385,386,325,301,234],"class_list":["post-69842","post","type-post","status-publish","format-standard","has-post-thumbnail","hentry","tag-ar-2","tag-nehimages-hub","tag-clic-2","tag-think-tank-2","tag-vr-en","tag-forum-des-images-en","tag-digital-creation","tag-creation-numerique-en","tag-xr-en"],"acf":[],"yoast_head":"<!-- This site is optimized with the Yoast SEO plugin v24.7 - https:\/\/yoast.com\/wordpress\/plugins\/seo\/ -->\n<title>First Think Tank session &quot;Cultural places and metaverses&quot;<\/title>\n<meta name=\"description\" content=\"September 19, 2023 saw the launch of the Think Tank &quot;cultural places and metaverses&quot; at the Forum des images, organized by NewImages Hub and CLIC.\" \/>\n<meta name=\"robots\" content=\"index, follow, max-snippet:-1, max-image-preview:large, max-video-preview:-1\" \/>\n<link rel=\"canonical\" href=\"https:\/\/newimages-hub.com\/en\/first-think-tank-cultural-places-and-metaverses\/\" \/>\n<meta property=\"og:locale\" content=\"en_US\" \/>\n<meta property=\"og:type\" content=\"article\" \/>\n<meta property=\"og:title\" content=\"First Think Tank session &quot;Cultural places and metaverses&quot;\" \/>\n<meta property=\"og:description\" content=\"September 19, 2023 saw the launch of the Think Tank &quot;cultural places and metaverses&quot; at the Forum des images, organized by NewImages Hub and CLIC.\" \/>\n<meta property=\"og:url\" content=\"https:\/\/newimages-hub.com\/en\/first-think-tank-cultural-places-and-metaverses\/\" \/>\n<meta property=\"og:site_name\" content=\"NewImages Festival\" \/>\n<meta property=\"article:publisher\" content=\"https:\/\/www.facebook.com\/Newimages.Festival\/\" \/>\n<meta property=\"article:published_time\" content=\"2023-10-19T10:38:45+00:00\" \/>\n<meta property=\"article:modified_time\" content=\"2023-10-19T10:38:46+00:00\" \/>\n<meta property=\"og:image\" content=\"https:\/\/newimages-hub.com\/wp-content\/uploads\/2023\/10\/image00001.jpg\" \/>\n\t<meta property=\"og:image:width\" content=\"1170\" \/>\n\t<meta property=\"og:image:height\" content=\"879\" \/>\n\t<meta property=\"og:image:type\" content=\"image\/jpeg\" \/>\n<meta name=\"author\" content=\"Maxime Raynault\" \/>\n<meta name=\"twitter:card\" content=\"summary_large_image\" \/>\n<meta name=\"twitter:title\" content=\"First Think Tank session &quot;Cultural places and metaverses&quot;\" \/>\n<meta name=\"twitter:image\" content=\"https:\/\/newimages-hub.com\/wp-content\/uploads\/2023\/10\/image00001.jpg\" \/>\n<meta name=\"twitter:creator\" content=\"@Newimages_Paris\" \/>\n<meta name=\"twitter:site\" content=\"@Newimages_Paris\" \/>\n<meta name=\"twitter:label1\" content=\"Written by\" \/>\n\t<meta name=\"twitter:data1\" content=\"Maxime Raynault\" \/>\n\t<meta name=\"twitter:label2\" content=\"Est. reading time\" \/>\n\t<meta name=\"twitter:data2\" content=\"12 minutes\" \/>\n<script type=\"application\/ld+json\" class=\"yoast-schema-graph\">{\"@context\":\"https:\/\/schema.org\",\"@graph\":[{\"@type\":\"Article\",\"@id\":\"https:\/\/newimages-hub.com\/en\/first-think-tank-cultural-places-and-metaverses\/#article\",\"isPartOf\":{\"@id\":\"https:\/\/newimages-hub.com\/en\/first-think-tank-cultural-places-and-metaverses\/\"},\"author\":{\"name\":\"Maxime Raynault\",\"@id\":\"https:\/\/newimages-hub.com\/en\/#\/schema\/person\/09c9f7eadb137ce1678842e2bc95ab2a\"},\"headline\":\"Think Tank &#8220;Cultural places and metaverses&#8221;\",\"datePublished\":\"2023-10-19T10:38:45+00:00\",\"dateModified\":\"2023-10-19T10:38:46+00:00\",\"mainEntityOfPage\":{\"@id\":\"https:\/\/newimages-hub.com\/en\/first-think-tank-cultural-places-and-metaverses\/\"},\"wordCount\":1991,\"publisher\":{\"@id\":\"https:\/\/newimages-hub.com\/en\/#organization\"},\"image\":{\"@id\":\"https:\/\/newimages-hub.com\/en\/first-think-tank-cultural-places-and-metaverses\/#primaryimage\"},\"thumbnailUrl\":\"https:\/\/newimages-hub.com\/wp-content\/uploads\/2023\/10\/image00001.jpg\",\"keywords\":[\"AR\",\"NehImages Hub\",\"CLIC\",\"Think Tank\",\"VR\",\"Forum des images\",\"digital creation\",\"cr\u00e9ation num\u00e9rique\",\"XR\"],\"inLanguage\":\"en-US\"},{\"@type\":\"WebPage\",\"@id\":\"https:\/\/newimages-hub.com\/en\/first-think-tank-cultural-places-and-metaverses\/\",\"url\":\"https:\/\/newimages-hub.com\/en\/first-think-tank-cultural-places-and-metaverses\/\",\"name\":\"First Think Tank session \\\"Cultural places and metaverses\\\"\",\"isPartOf\":{\"@id\":\"https:\/\/newimages-hub.com\/en\/#website\"},\"primaryImageOfPage\":{\"@id\":\"https:\/\/newimages-hub.com\/en\/first-think-tank-cultural-places-and-metaverses\/#primaryimage\"},\"image\":{\"@id\":\"https:\/\/newimages-hub.com\/en\/first-think-tank-cultural-places-and-metaverses\/#primaryimage\"},\"thumbnailUrl\":\"https:\/\/newimages-hub.com\/wp-content\/uploads\/2023\/10\/image00001.jpg\",\"datePublished\":\"2023-10-19T10:38:45+00:00\",\"dateModified\":\"2023-10-19T10:38:46+00:00\",\"description\":\"September 19, 2023 saw the launch of the Think Tank \\\"cultural places and metaverses\\\" at the Forum des images, organized by NewImages Hub and CLIC.\",\"breadcrumb\":{\"@id\":\"https:\/\/newimages-hub.com\/en\/first-think-tank-cultural-places-and-metaverses\/#breadcrumb\"},\"inLanguage\":\"en-US\",\"potentialAction\":[{\"@type\":\"ReadAction\",\"target\":[\"https:\/\/newimages-hub.com\/en\/first-think-tank-cultural-places-and-metaverses\/\"]}]},{\"@type\":\"ImageObject\",\"inLanguage\":\"en-US\",\"@id\":\"https:\/\/newimages-hub.com\/en\/first-think-tank-cultural-places-and-metaverses\/#primaryimage\",\"url\":\"https:\/\/newimages-hub.com\/wp-content\/uploads\/2023\/10\/image00001.jpg\",\"contentUrl\":\"https:\/\/newimages-hub.com\/wp-content\/uploads\/2023\/10\/image00001.jpg\",\"width\":1170,\"height\":879},{\"@type\":\"BreadcrumbList\",\"@id\":\"https:\/\/newimages-hub.com\/en\/first-think-tank-cultural-places-and-metaverses\/#breadcrumb\",\"itemListElement\":[{\"@type\":\"ListItem\",\"position\":1,\"name\":\"Home\",\"item\":\"https:\/\/newimages-hub.com\/en\/\"},{\"@type\":\"ListItem\",\"position\":2,\"name\":\"Think Tank \u00ab\u00a0Cultural places and metaverses\u00a0\u00bb\"}]},{\"@type\":\"WebSite\",\"@id\":\"https:\/\/newimages-hub.com\/en\/#website\",\"url\":\"https:\/\/newimages-hub.com\/en\/\",\"name\":\"NewImages Festival\",\"description\":\"Le festival de la cr\u00e9ation num\u00e9rique et des mondes virtuels\",\"publisher\":{\"@id\":\"https:\/\/newimages-hub.com\/en\/#organization\"},\"potentialAction\":[{\"@type\":\"SearchAction\",\"target\":{\"@type\":\"EntryPoint\",\"urlTemplate\":\"https:\/\/newimages-hub.com\/en\/?s={search_term_string}\"},\"query-input\":{\"@type\":\"PropertyValueSpecification\",\"valueRequired\":true,\"valueName\":\"search_term_string\"}}],\"inLanguage\":\"en-US\"},{\"@type\":\"Organization\",\"@id\":\"https:\/\/newimages-hub.com\/en\/#organization\",\"name\":\"NewImages Festival\",\"url\":\"https:\/\/newimages-hub.com\/en\/\",\"logo\":{\"@type\":\"ImageObject\",\"inLanguage\":\"en-US\",\"@id\":\"https:\/\/newimages-hub.com\/en\/#\/schema\/logo\/image\/\",\"url\":\"https:\/\/newimages-hub.com\/wp-content\/uploads\/2025\/12\/NI_LOGO_ROSE_RVB-2.png\",\"contentUrl\":\"https:\/\/newimages-hub.com\/wp-content\/uploads\/2025\/12\/NI_LOGO_ROSE_RVB-2.png\",\"width\":1181,\"height\":447,\"caption\":\"NewImages Festival\"},\"image\":{\"@id\":\"https:\/\/newimages-hub.com\/en\/#\/schema\/logo\/image\/\"},\"sameAs\":[\"https:\/\/www.facebook.com\/Newimages.Festival\/\",\"https:\/\/x.com\/Newimages_Paris\",\"http:\/\/newimages.festival\",\"https:\/\/fr.linkedin.com\/company\/newimagesart\/\"]},{\"@type\":\"Person\",\"@id\":\"https:\/\/newimages-hub.com\/en\/#\/schema\/person\/09c9f7eadb137ce1678842e2bc95ab2a\",\"name\":\"Maxime Raynault\",\"image\":{\"@type\":\"ImageObject\",\"inLanguage\":\"en-US\",\"@id\":\"https:\/\/newimages-hub.com\/en\/#\/schema\/person\/image\/\",\"url\":\"https:\/\/secure.gravatar.com\/avatar\/9898deaec752eeebee3d159d6e267795?s=96&d=mm&r=g\",\"contentUrl\":\"https:\/\/secure.gravatar.com\/avatar\/9898deaec752eeebee3d159d6e267795?s=96&d=mm&r=g\",\"caption\":\"Maxime Raynault\"},\"url\":\"https:\/\/newimages-hub.com\/en\/author\/maxime-raynaultforumdesimages-fr\/\"}]}<\/script>\n<!-- \/ Yoast SEO plugin. -->","yoast_head_json":{"title":"First Think Tank session \"Cultural places and metaverses\"","description":"September 19, 2023 saw the launch of the Think Tank \"cultural places and metaverses\" at the Forum des images, organized by NewImages Hub and CLIC.","robots":{"index":"index","follow":"follow","max-snippet":"max-snippet:-1","max-image-preview":"max-image-preview:large","max-video-preview":"max-video-preview:-1"},"canonical":"https:\/\/newimages-hub.com\/en\/first-think-tank-cultural-places-and-metaverses\/","og_locale":"en_US","og_type":"article","og_title":"First Think Tank session \"Cultural places and metaverses\"","og_description":"September 19, 2023 saw the launch of the Think Tank \"cultural places and metaverses\" at the Forum des images, organized by NewImages Hub and CLIC.","og_url":"https:\/\/newimages-hub.com\/en\/first-think-tank-cultural-places-and-metaverses\/","og_site_name":"NewImages Festival","article_publisher":"https:\/\/www.facebook.com\/Newimages.Festival\/","article_published_time":"2023-10-19T10:38:45+00:00","article_modified_time":"2023-10-19T10:38:46+00:00","og_image":[{"width":1170,"height":879,"url":"https:\/\/newimages-hub.com\/wp-content\/uploads\/2023\/10\/image00001.jpg","type":"image\/jpeg"}],"author":"Maxime Raynault","twitter_card":"summary_large_image","twitter_title":"First Think Tank session \"Cultural places and metaverses\"","twitter_image":"https:\/\/newimages-hub.com\/wp-content\/uploads\/2023\/10\/image00001.jpg","twitter_creator":"@Newimages_Paris","twitter_site":"@Newimages_Paris","twitter_misc":{"Written by":"Maxime Raynault","Est. reading time":"12 minutes"},"schema":{"@context":"https:\/\/schema.org","@graph":[{"@type":"Article","@id":"https:\/\/newimages-hub.com\/en\/first-think-tank-cultural-places-and-metaverses\/#article","isPartOf":{"@id":"https:\/\/newimages-hub.com\/en\/first-think-tank-cultural-places-and-metaverses\/"},"author":{"name":"Maxime Raynault","@id":"https:\/\/newimages-hub.com\/en\/#\/schema\/person\/09c9f7eadb137ce1678842e2bc95ab2a"},"headline":"Think Tank &#8220;Cultural places and metaverses&#8221;","datePublished":"2023-10-19T10:38:45+00:00","dateModified":"2023-10-19T10:38:46+00:00","mainEntityOfPage":{"@id":"https:\/\/newimages-hub.com\/en\/first-think-tank-cultural-places-and-metaverses\/"},"wordCount":1991,"publisher":{"@id":"https:\/\/newimages-hub.com\/en\/#organization"},"image":{"@id":"https:\/\/newimages-hub.com\/en\/first-think-tank-cultural-places-and-metaverses\/#primaryimage"},"thumbnailUrl":"https:\/\/newimages-hub.com\/wp-content\/uploads\/2023\/10\/image00001.jpg","keywords":["AR","NehImages Hub","CLIC","Think Tank","VR","Forum des images","digital creation","cr\u00e9ation num\u00e9rique","XR"],"inLanguage":"en-US"},{"@type":"WebPage","@id":"https:\/\/newimages-hub.com\/en\/first-think-tank-cultural-places-and-metaverses\/","url":"https:\/\/newimages-hub.com\/en\/first-think-tank-cultural-places-and-metaverses\/","name":"First Think Tank session \"Cultural places and metaverses\"","isPartOf":{"@id":"https:\/\/newimages-hub.com\/en\/#website"},"primaryImageOfPage":{"@id":"https:\/\/newimages-hub.com\/en\/first-think-tank-cultural-places-and-metaverses\/#primaryimage"},"image":{"@id":"https:\/\/newimages-hub.com\/en\/first-think-tank-cultural-places-and-metaverses\/#primaryimage"},"thumbnailUrl":"https:\/\/newimages-hub.com\/wp-content\/uploads\/2023\/10\/image00001.jpg","datePublished":"2023-10-19T10:38:45+00:00","dateModified":"2023-10-19T10:38:46+00:00","description":"September 19, 2023 saw the launch of the Think Tank \"cultural places and metaverses\" at the Forum des images, organized by NewImages Hub and CLIC.","breadcrumb":{"@id":"https:\/\/newimages-hub.com\/en\/first-think-tank-cultural-places-and-metaverses\/#breadcrumb"},"inLanguage":"en-US","potentialAction":[{"@type":"ReadAction","target":["https:\/\/newimages-hub.com\/en\/first-think-tank-cultural-places-and-metaverses\/"]}]},{"@type":"ImageObject","inLanguage":"en-US","@id":"https:\/\/newimages-hub.com\/en\/first-think-tank-cultural-places-and-metaverses\/#primaryimage","url":"https:\/\/newimages-hub.com\/wp-content\/uploads\/2023\/10\/image00001.jpg","contentUrl":"https:\/\/newimages-hub.com\/wp-content\/uploads\/2023\/10\/image00001.jpg","width":1170,"height":879},{"@type":"BreadcrumbList","@id":"https:\/\/newimages-hub.com\/en\/first-think-tank-cultural-places-and-metaverses\/#breadcrumb","itemListElement":[{"@type":"ListItem","position":1,"name":"Home","item":"https:\/\/newimages-hub.com\/en\/"},{"@type":"ListItem","position":2,"name":"Think Tank \u00ab\u00a0Cultural places and metaverses\u00a0\u00bb"}]},{"@type":"WebSite","@id":"https:\/\/newimages-hub.com\/en\/#website","url":"https:\/\/newimages-hub.com\/en\/","name":"NewImages Festival","description":"Le festival de la cr\u00e9ation num\u00e9rique et des mondes virtuels","publisher":{"@id":"https:\/\/newimages-hub.com\/en\/#organization"},"potentialAction":[{"@type":"SearchAction","target":{"@type":"EntryPoint","urlTemplate":"https:\/\/newimages-hub.com\/en\/?s={search_term_string}"},"query-input":{"@type":"PropertyValueSpecification","valueRequired":true,"valueName":"search_term_string"}}],"inLanguage":"en-US"},{"@type":"Organization","@id":"https:\/\/newimages-hub.com\/en\/#organization","name":"NewImages Festival","url":"https:\/\/newimages-hub.com\/en\/","logo":{"@type":"ImageObject","inLanguage":"en-US","@id":"https:\/\/newimages-hub.com\/en\/#\/schema\/logo\/image\/","url":"https:\/\/newimages-hub.com\/wp-content\/uploads\/2025\/12\/NI_LOGO_ROSE_RVB-2.png","contentUrl":"https:\/\/newimages-hub.com\/wp-content\/uploads\/2025\/12\/NI_LOGO_ROSE_RVB-2.png","width":1181,"height":447,"caption":"NewImages Festival"},"image":{"@id":"https:\/\/newimages-hub.com\/en\/#\/schema\/logo\/image\/"},"sameAs":["https:\/\/www.facebook.com\/Newimages.Festival\/","https:\/\/x.com\/Newimages_Paris","http:\/\/newimages.festival","https:\/\/fr.linkedin.com\/company\/newimagesart\/"]},{"@type":"Person","@id":"https:\/\/newimages-hub.com\/en\/#\/schema\/person\/09c9f7eadb137ce1678842e2bc95ab2a","name":"Maxime Raynault","image":{"@type":"ImageObject","inLanguage":"en-US","@id":"https:\/\/newimages-hub.com\/en\/#\/schema\/person\/image\/","url":"https:\/\/secure.gravatar.com\/avatar\/9898deaec752eeebee3d159d6e267795?s=96&d=mm&r=g","contentUrl":"https:\/\/secure.gravatar.com\/avatar\/9898deaec752eeebee3d159d6e267795?s=96&d=mm&r=g","caption":"Maxime Raynault"},"url":"https:\/\/newimages-hub.com\/en\/author\/maxime-raynaultforumdesimages-fr\/"}]}},"_links":{"self":[{"href":"https:\/\/newimages-hub.com\/en\/wp-json\/wp\/v2\/posts\/69842","targetHints":{"allow":["GET"]}}],"collection":[{"href":"https:\/\/newimages-hub.com\/en\/wp-json\/wp\/v2\/posts"}],"about":[{"href":"https:\/\/newimages-hub.com\/en\/wp-json\/wp\/v2\/types\/post"}],"author":[{"embeddable":true,"href":"https:\/\/newimages-hub.com\/en\/wp-json\/wp\/v2\/users\/1644"}],"replies":[{"embeddable":true,"href":"https:\/\/newimages-hub.com\/en\/wp-json\/wp\/v2\/comments?post=69842"}],"version-history":[{"count":3,"href":"https:\/\/newimages-hub.com\/en\/wp-json\/wp\/v2\/posts\/69842\/revisions"}],"predecessor-version":[{"id":69847,"href":"https:\/\/newimages-hub.com\/en\/wp-json\/wp\/v2\/posts\/69842\/revisions\/69847"}],"wp:featuredmedia":[{"embeddable":true,"href":"https:\/\/newimages-hub.com\/en\/wp-json\/wp\/v2\/media\/69820"}],"wp:attachment":[{"href":"https:\/\/newimages-hub.com\/en\/wp-json\/wp\/v2\/media?parent=69842"}],"wp:term":[{"taxonomy":"post_tag","embeddable":true,"href":"https:\/\/newimages-hub.com\/en\/wp-json\/wp\/v2\/tags?post=69842"}],"curies":[{"name":"wp","href":"https:\/\/api.w.org\/{rel}","templated":true}]}}