{"id":73002,"date":"2025-04-01T17:03:37","date_gmt":"2025-04-01T15:03:37","guid":{"rendered":"https:\/\/newimages-hub.com\/?p=73002"},"modified":"2025-04-01T17:09:47","modified_gmt":"2025-04-01T15:09:47","slug":"programmation-artistique-2025","status":"publish","type":"post","link":"https:\/\/newimages-hub.com\/en\/programmation-artistique-2025\/","title":{"rendered":"Artistic program 2025"},"content":{"rendered":"<h1     class=\"main-title \">An international artistic program<\/h1>\n\n\n\n<div style=\"height:20px\" aria-hidden=\"true\" class=\"wp-block-spacer\"><\/div>\n\n\n<div      class=\"chapo \"><p>Each year, the NewImages Festival offers an artistic program organized around two sections: the <strong>XR Competition<\/strong> and the <strong>Out-of-competition<\/strong>. Join us from April 9 to 13, 2025 to discover all the works!<\/p>\n<p><strong>See the full festival program below!<\/strong><\/p>\n<p>&nbsp;<\/p>\n<\/div>\n\n\n\n\n\n<h2 class=\"wp-block-heading\" id=\"XR-competition\"><br><strong><mark class=\"ghostkit-highlight\">XR Competition<\/mark><\/strong><\/h2>\n\n\n\n<p>For 5 days, the XR Competition presents <strong>14 immersive works<\/strong> competing for prizes ranging from \u20ac3,000 to \u20ac6,000.<\/p>\n\n\n\n<p><strong>XR COMPETITION <strong>SELECTION <\/strong>2025 <\/strong><\/p>\n\n\n\n<iframe src=\"https:\/\/app.swapcard.com\/widget\/event\/newimages-festival-2025\/exhibitors\/RXZlbnRWaWV3XzkyMDc4OA==?showActions=true\" style=\"border: none; margin: 0px; width: 100%; display: block; height: calc(100vh - 100px);\"><\/iframe>\n\n\n\n<h2 class=\"wp-block-heading\" id=\"out-of-competition\"><strong><mark class=\"ghostkit-highlight\">Out-of-competition<\/mark><\/strong><\/h2>\n\n\n\n<p>In 2025, the theme of <strong>Otherness<\/strong> takes center stage. The selection features <strong>12 works<\/strong> in a rich diversity of formats.<\/p>\n\n\n\n<p><strong>OUT-OF-COMPETITION <strong>SELECTION <\/strong>2025<\/strong><\/p>\n\n\n\n<iframe src=\"https:\/\/app.swapcard.com\/widget\/event\/newimages-festival-2025\/exhibitors\/RXZlbnRWaWV3XzEwNDg1ODk=?showActions=true\" style=\"border: none; margin: 0px; width: 100%; display: block; height: calc(100vh - 100px);\"><\/iframe>\n\n\n\n<h2 class=\"wp-block-heading\" id=\"meetings-with-the-public\"><mark class=\"ghostkit-highlight\"><strong>Meetings with the public<\/strong><\/mark><\/h2>\n\n\n\n<p><strong>From April 9 to 13<\/strong>, the NewImages Festival invites you to explore works that question our perception through virtual reality, augmented reality, mixed reality, interactive performance installations and immersive video games, with free access to<strong> exhibitions<\/strong> under the Canop\u00e9e du Forum des Halles, <strong>immersive indoor experiences<\/strong> and <strong>conferences<\/strong> at the Forum des images.<\/p>\n\n\n\n<h2 class=\"wp-block-heading\" id=\"immersive-exhibition-free-access-under-the-canopee\"><strong>Immersive exhibition &#8211; Free access under the Canop\u00e9e<\/strong><\/h2>\n\n\n\n<p>Come and discover a <strong>free selection<\/strong> of works from the XR Competition and the Hors-comp\u00e9tition, brought together around the theme of otherness. Whether through virtual worlds, art installations or interactive experiences, these creations push back the boundaries of narrative and perception.<\/p>\n\n\n\n<p><strong>Practical info:<\/strong><\/p>\n\n\n\n<p><strong>Dates:<\/strong> 6pm to 8pm Wednesday April 9 to Friday April 11 and 11am to 7pm Saturday April 12 and Sunday April 13.<br><strong>Location:<\/strong> Forum des images, Westfield Forum des Halles, 2 rue du Cin\u00e9ma.<\/p>\n\n\n\n<h2 class=\"wp-block-heading\" id=\"immersive-experiences-at-the-forum-des-images\"><strong>Immersive experiences at the Forum des images<\/strong><\/h2>\n\n\n\n<p>To take things even further, <strong>two unique immersive experiences<\/strong> will be offered in theatres:<\/p>\n\n\n\n<p><strong><mark class=\"ghostkit-highlight\"><strong>Immersive territories \u2013 VR in theaters<\/strong><\/mark><\/strong><\/p>\n\n\n\n<p>Immerse yourself in a unique collective experience where VR meets the big screen. This program of virtual reality films, accompanied by immersive sound, explores the notion of otherness from a variety of angles, and will be followed by a discussion with the public.<\/p>\n\n\n\n<p><strong>Practical info:<\/strong><\/p>\n\n\n\n<p><strong>Dates:<\/strong> Wednesday April 9 at 7pm \/ Friday April 11 at 7pm \/ Saturday April 12 at 2pm and 3.30pm.<br><strong>Location:<\/strong> Forum des images, Westfield Forum des Halles, 2 rue du Cin\u00e9ma.<br><strong>Single ticket price:<\/strong> \u20ac4 (reservation recommended).<\/p>\n\n\n\n<p><strong><mark class=\"ghostkit-highlight\"><strong>The Castaways &#8211; Immersive performance<\/strong><\/mark><\/strong><\/p>\n\n\n\n<p>Inspired by the myths of Japanese theater and the world of Miyazaki, this collective sound and light experience invites you to explore the characters inside you. A sensitive, poetic creation that blends narration and immersion for a unique journey.<\/p>\n\n\n\n<p><strong>Practical info:<\/strong><\/p>\n\n\n\n<p><strong>Dates:<\/strong> Thursday April 10 at 6pm and 7:30pm \/ Saturday April 12 at 6pm and 7:30pm \/ Sunday April 13 at 2pm and 3:30pm<br><strong>Location:<\/strong> Forum des images, Westfield Forum des Halles, 2 rue du Cin\u00e9ma.<br><strong>Single ticket price:<\/strong> \u20ac4 (reservation recommended).<\/p>\n\n\n\n<h2 class=\"wp-block-heading\" id=\"two-must-attend-conferences-at-newimages-festival-2025\"><strong>Two must-attend conferences at NewImages Festival 2025<\/strong><\/h2>\n\n\n\n<p>In addition to its immersive experiences and free-access exhibition, NewImages Festival 2025 features <strong>two major conferences questioning the impact of technologies on our societies<\/strong>. Artists, researchers, thinkers and industry professionals come together to analyze the crucial issues of artificial intelligence and the immersive industries.<\/p>\n\n\n\n<p><strong><mark class=\"ghostkit-highlight\">From code to consciousness: understanding AI, a challenge of resistance<\/mark><\/strong><\/p>\n\n\n\n<p>AIs are multiplying and perfecting themselves, but do we really understand how they work and who controls them? In a world where a handful of players hold the keys to these technologies, it&#8217;s becoming urgent to question their development. Join us for an open discussion with artists, scientists, intellectuals and\u2026 an artificial intelligence.<\/p>\n\n\n\n<p><strong>Practical info:<\/strong><\/p>\n\n\n\n<p><strong>Dates:<\/strong> Saturday April 12 at 5pm.<br><strong>Location:<\/strong> Forum des images, Westfield Forum des Halles, 2 rue du Cin\u00e9ma.<br><strong>Single ticket price:<\/strong> \u20ac4 (reservation recommended).<\/p>\n\n\n\n<div class=\"wp-block-buttons is-layout-flex wp-block-buttons-is-layout-flex\">\n<div class=\"wp-block-button\"><a class=\"wp-block-button__link wp-element-button\" href=\"https:\/\/www.forumdesimages.fr\/du-code-la-conscience-comprendre-lia-un-enjeu-de-resistance\">BOOK YOUR TICKET<\/a><\/div>\n<\/div>\n\n\n\n<p><strong><mark class=\"ghostkit-highlight\">States, billionaires, corporations: who&#8217;s investing in immersive, AI and social networks?<\/mark><\/strong><\/p>\n\n\n\n<p>Corporations, governments and billionaires are pouring huge sums of money into social networking, artificial intelligence and immersive experiences. But why are these new forms of media and storytelling attracting so much interest? What are the economic, cultural and political stakes? Find out in a fascinating discussion with industry experts.<\/p>\n\n\n\n<p><strong>Practical info:<\/strong><\/p>\n\n\n\n<p><strong>Dates:<\/strong> Sunday April 13 at 5pm.<br><strong>Location:<\/strong> Forum des images, Westfield Forum des Halles, 2 rue du Cin\u00e9ma.<br><strong>Single ticket price: <\/strong>\u20ac4 (reservation recommended).<\/p>\n\n\n\n<div class=\"wp-block-buttons is-layout-flex wp-block-buttons-is-layout-flex\">\n<div class=\"wp-block-button\"><a class=\"wp-block-button__link wp-element-button\" href=\"https:\/\/www.forumdesimages.fr\/etats-milliardaires-societes-qui-investit-dans-limmersif-la-ia-et-les-reseaux-sociaux\">BOOK YOUR TICKET<\/a><\/div>\n<\/div>\n\n\n\n<h2 class=\"wp-block-heading\" id=\"not-yet-accredited\"><strong>Not yet accredited?<\/strong><\/h2>\n\n\n\n<p>Whether you&#8217;re curious to discover new forms of storytelling or passionate about immersive technologies, NewImages Festival 2025 offers a rich and accessible program to explore the future of immersive creation. <strong>Come and experience something out of the ordinary!<\/strong><\/p>\n\n\n\n<div class=\"wp-block-buttons is-layout-flex wp-block-buttons-is-layout-flex\">\n<div class=\"wp-block-button\"><a class=\"wp-block-button__link wp-element-button\" href=\"https:\/\/eu.avolio.swapcard.com\/newimagesfestival2025\/index\/registrations\/Start\">Register now!<\/a><\/div>\n<\/div>\n\n\n\n<div style=\"height:50px\" aria-hidden=\"true\" class=\"wp-block-spacer\"><\/div>\n\n\n\n<p><strong><mark class=\"ghostkit-highlight\">Keep up to date with NewImages news by subscribing to our <a href=\"https:\/\/go.forumdesimages.fr\/l\/931723\/2021-12-22\/7q9q\">pro newsletter<\/a> !<\/mark><\/strong><\/p>\n\n\n\n<div style=\"height:139px\" aria-hidden=\"true\" class=\"wp-block-spacer\"><\/div>\n\n\n\n<div class=\"ghostkit-grid ghostkit-grid-gap-md\"><div class=\"ghostkit-grid-inner\">\n<div class=\"ghostkit-col ghostkit-col-lg-12 ghostkit-col-1 is-layout-flow wp-block-grid-column-is-layout-flow\"><div class=\"ghostkit-col-content\"><\/div><\/div>\n\n\n\n<div class=\"ghostkit-col ghostkit-col-lg-12 ghostkit-col-5\"><div class=\"ghostkit-col-content is-layout-flow wp-block-grid-column-is-layout-flow\">\n<p>Produit et organis\u00e9 par <strong><a href=\"https:\/\/www.forumdesimages.fr\/\">Le Forum des images<\/a><\/strong> (institution culturelle subventionn\u00e9e par la <strong>Ville de Paris<\/strong>), NewImages Festival est n\u00e9 en janvier 2018 de l\u2019association entre le <strong>Paris Virtual Film Festival<\/strong> (juin 2016) et <strong>I Love Transm\u00e9dia <\/strong>(2011). <\/p>\n<\/div><\/div>\n\n\n\n<div class=\"ghostkit-col ghostkit-col-lg-12 ghostkit-col-4\"><div class=\"ghostkit-col-content is-layout-flow wp-block-grid-column-is-layout-flow\"><div class=\"wp-block-image is-resized\">\n<figure class=\"aligncenter size-medium\"><img loading=\"lazy\" decoding=\"async\" width=\"300\" height=\"141\" src=\"https:\/\/newimages-hub.com\/wp-content\/uploads\/2019\/03\/FDI_logo_CMNJ_rouge-1-300x141.png\" alt=\"\" class=\"wp-image-2595\" srcset=\"https:\/\/newimages-hub.com\/wp-content\/uploads\/2019\/03\/FDI_logo_CMNJ_rouge-1-300x141.png 300w, https:\/\/newimages-hub.com\/wp-content\/uploads\/2019\/03\/FDI_logo_CMNJ_rouge-1-768x360.png 768w, https:\/\/newimages-hub.com\/wp-content\/uploads\/2019\/03\/FDI_logo_CMNJ_rouge-1.png 827w\" sizes=\"auto, (max-width: 300px) 100vw, 300px\" \/><\/figure><\/div><\/div><\/div>\n\n\n\n<div class=\"ghostkit-col ghostkit-col-2 is-layout-flow wp-block-grid-column-is-layout-flow\"><div class=\"ghostkit-col-content\"><\/div><\/div>\n<\/div><\/div>\n\n\n\n<p><\/p>\n","protected":false},"excerpt":{"rendered":"<p>Discover the program for the 8th NewImages Festival. See you from April 9 to 13, 2025 to discover all the works!<\/p>\n","protected":false},"author":1644,"featured_media":72780,"comment_status":"closed","ping_status":"closed","sticky":true,"template":"","format":"standard","meta":{"ghostkit_customizer_options":"","ghostkit_custom_css":"","ghostkit_custom_js_head":"","ghostkit_custom_js_foot":"","ghostkit_typography":"","footnotes":""},"tags":[341,301,286,234],"class_list":["post-73002","post","type-post","status-publish","format-standard","has-post-thumbnail","hentry","tag-creation-immersive-en","tag-creation-numerique-en","tag-newimages-festival-2-en","tag-xr-en"],"acf":[],"yoast_head":"<!-- This site is optimized with the Yoast SEO plugin v24.7 - https:\/\/yoast.com\/wordpress\/plugins\/seo\/ -->\n<title>Artistic program 2025 | NewImages Festival<\/title>\n<meta name=\"description\" content=\"Discover the program for the 8th NewImages Festival. See you from April 9 to 13, 2025 to discover all the works!\" \/>\n<meta name=\"robots\" content=\"index, follow, max-snippet:-1, max-image-preview:large, max-video-preview:-1\" \/>\n<link rel=\"canonical\" href=\"https:\/\/newimages-hub.com\/en\/programmation-artistique-2025\/\" \/>\n<meta property=\"og:locale\" content=\"en_US\" \/>\n<meta property=\"og:type\" content=\"article\" \/>\n<meta property=\"og:title\" content=\"Artistic program 2025 | NewImages Festival\" \/>\n<meta property=\"og:description\" content=\"Discover the program for the 8th NewImages Festival. See you from April 9 to 13, 2025 to discover all the works!\" \/>\n<meta property=\"og:url\" content=\"https:\/\/newimages-hub.com\/en\/programmation-artistique-2025\/\" \/>\n<meta property=\"og:site_name\" content=\"NewImages Festival\" \/>\n<meta property=\"article:publisher\" content=\"https:\/\/www.facebook.com\/Newimages.Festival\/\" \/>\n<meta property=\"article:published_time\" content=\"2025-04-01T15:03:37+00:00\" \/>\n<meta property=\"article:modified_time\" content=\"2025-04-01T15:09:47+00:00\" \/>\n<meta property=\"og:image\" content=\"https:\/\/newimages-hub.com\/wp-content\/uploads\/2025\/03\/V2FRnif25-banniere-2400x1260-1.jpg\" \/>\n\t<meta property=\"og:image:width\" content=\"2400\" \/>\n\t<meta property=\"og:image:height\" content=\"1260\" \/>\n\t<meta property=\"og:image:type\" content=\"image\/jpeg\" \/>\n<meta name=\"author\" content=\"Maxime Raynault\" \/>\n<meta name=\"twitter:card\" content=\"summary_large_image\" \/>\n<meta name=\"twitter:creator\" content=\"@Newimages_Paris\" \/>\n<meta name=\"twitter:site\" content=\"@Newimages_Paris\" \/>\n<meta name=\"twitter:label1\" content=\"Written by\" \/>\n\t<meta name=\"twitter:data1\" content=\"Maxime Raynault\" \/>\n\t<meta name=\"twitter:label2\" content=\"Est. reading time\" \/>\n\t<meta name=\"twitter:data2\" content=\"5 minutes\" \/>\n<script type=\"application\/ld+json\" class=\"yoast-schema-graph\">{\"@context\":\"https:\/\/schema.org\",\"@graph\":[{\"@type\":\"Article\",\"@id\":\"https:\/\/newimages-hub.com\/en\/programmation-artistique-2025\/#article\",\"isPartOf\":{\"@id\":\"https:\/\/newimages-hub.com\/en\/programmation-artistique-2025\/\"},\"author\":{\"name\":\"Maxime Raynault\",\"@id\":\"https:\/\/newimages-hub.com\/en\/#\/schema\/person\/09c9f7eadb137ce1678842e2bc95ab2a\"},\"headline\":\"Artistic program 2025\",\"datePublished\":\"2025-04-01T15:03:37+00:00\",\"dateModified\":\"2025-04-01T15:09:47+00:00\",\"mainEntityOfPage\":{\"@id\":\"https:\/\/newimages-hub.com\/en\/programmation-artistique-2025\/\"},\"wordCount\":685,\"publisher\":{\"@id\":\"https:\/\/newimages-hub.com\/en\/#organization\"},\"image\":{\"@id\":\"https:\/\/newimages-hub.com\/en\/programmation-artistique-2025\/#primaryimage\"},\"thumbnailUrl\":\"https:\/\/newimages-hub.com\/wp-content\/uploads\/2025\/03\/V2FRnif25-banniere-2400x1260-1.jpg\",\"keywords\":[\"cr\u00e9ation immersive\",\"cr\u00e9ation num\u00e9rique\",\"NewImages Festival\",\"XR\"],\"inLanguage\":\"en-US\"},{\"@type\":\"WebPage\",\"@id\":\"https:\/\/newimages-hub.com\/en\/programmation-artistique-2025\/\",\"url\":\"https:\/\/newimages-hub.com\/en\/programmation-artistique-2025\/\",\"name\":\"Artistic program 2025 | NewImages Festival\",\"isPartOf\":{\"@id\":\"https:\/\/newimages-hub.com\/en\/#website\"},\"primaryImageOfPage\":{\"@id\":\"https:\/\/newimages-hub.com\/en\/programmation-artistique-2025\/#primaryimage\"},\"image\":{\"@id\":\"https:\/\/newimages-hub.com\/en\/programmation-artistique-2025\/#primaryimage\"},\"thumbnailUrl\":\"https:\/\/newimages-hub.com\/wp-content\/uploads\/2025\/03\/V2FRnif25-banniere-2400x1260-1.jpg\",\"datePublished\":\"2025-04-01T15:03:37+00:00\",\"dateModified\":\"2025-04-01T15:09:47+00:00\",\"description\":\"Discover the program for the 8th NewImages Festival. See you from April 9 to 13, 2025 to discover all the works!\",\"breadcrumb\":{\"@id\":\"https:\/\/newimages-hub.com\/en\/programmation-artistique-2025\/#breadcrumb\"},\"inLanguage\":\"en-US\",\"potentialAction\":[{\"@type\":\"ReadAction\",\"target\":[\"https:\/\/newimages-hub.com\/en\/programmation-artistique-2025\/\"]}]},{\"@type\":\"ImageObject\",\"inLanguage\":\"en-US\",\"@id\":\"https:\/\/newimages-hub.com\/en\/programmation-artistique-2025\/#primaryimage\",\"url\":\"https:\/\/newimages-hub.com\/wp-content\/uploads\/2025\/03\/V2FRnif25-banniere-2400x1260-1.jpg\",\"contentUrl\":\"https:\/\/newimages-hub.com\/wp-content\/uploads\/2025\/03\/V2FRnif25-banniere-2400x1260-1.jpg\",\"width\":2400,\"height\":1260},{\"@type\":\"BreadcrumbList\",\"@id\":\"https:\/\/newimages-hub.com\/en\/programmation-artistique-2025\/#breadcrumb\",\"itemListElement\":[{\"@type\":\"ListItem\",\"position\":1,\"name\":\"Home\",\"item\":\"https:\/\/newimages-hub.com\/en\/\"},{\"@type\":\"ListItem\",\"position\":2,\"name\":\"Artistic program 2025\"}]},{\"@type\":\"WebSite\",\"@id\":\"https:\/\/newimages-hub.com\/en\/#website\",\"url\":\"https:\/\/newimages-hub.com\/en\/\",\"name\":\"NewImages Festival\",\"description\":\"Le festival de la cr\u00e9ation num\u00e9rique et des mondes virtuels\",\"publisher\":{\"@id\":\"https:\/\/newimages-hub.com\/en\/#organization\"},\"potentialAction\":[{\"@type\":\"SearchAction\",\"target\":{\"@type\":\"EntryPoint\",\"urlTemplate\":\"https:\/\/newimages-hub.com\/en\/?s={search_term_string}\"},\"query-input\":{\"@type\":\"PropertyValueSpecification\",\"valueRequired\":true,\"valueName\":\"search_term_string\"}}],\"inLanguage\":\"en-US\"},{\"@type\":\"Organization\",\"@id\":\"https:\/\/newimages-hub.com\/en\/#organization\",\"name\":\"NewImages Festival\",\"url\":\"https:\/\/newimages-hub.com\/en\/\",\"logo\":{\"@type\":\"ImageObject\",\"inLanguage\":\"en-US\",\"@id\":\"https:\/\/newimages-hub.com\/en\/#\/schema\/logo\/image\/\",\"url\":\"https:\/\/newimages-hub.com\/wp-content\/uploads\/2025\/12\/NI_LOGO_ROSE_RVB-2.png\",\"contentUrl\":\"https:\/\/newimages-hub.com\/wp-content\/uploads\/2025\/12\/NI_LOGO_ROSE_RVB-2.png\",\"width\":1181,\"height\":447,\"caption\":\"NewImages Festival\"},\"image\":{\"@id\":\"https:\/\/newimages-hub.com\/en\/#\/schema\/logo\/image\/\"},\"sameAs\":[\"https:\/\/www.facebook.com\/Newimages.Festival\/\",\"https:\/\/x.com\/Newimages_Paris\",\"http:\/\/newimages.festival\",\"https:\/\/fr.linkedin.com\/company\/newimagesart\/\"]},{\"@type\":\"Person\",\"@id\":\"https:\/\/newimages-hub.com\/en\/#\/schema\/person\/09c9f7eadb137ce1678842e2bc95ab2a\",\"name\":\"Maxime Raynault\",\"image\":{\"@type\":\"ImageObject\",\"inLanguage\":\"en-US\",\"@id\":\"https:\/\/newimages-hub.com\/en\/#\/schema\/person\/image\/\",\"url\":\"https:\/\/secure.gravatar.com\/avatar\/9898deaec752eeebee3d159d6e267795?s=96&d=mm&r=g\",\"contentUrl\":\"https:\/\/secure.gravatar.com\/avatar\/9898deaec752eeebee3d159d6e267795?s=96&d=mm&r=g\",\"caption\":\"Maxime Raynault\"},\"url\":\"https:\/\/newimages-hub.com\/en\/author\/maxime-raynaultforumdesimages-fr\/\"}]}<\/script>\n<!-- \/ Yoast SEO plugin. -->","yoast_head_json":{"title":"Artistic program 2025 | NewImages Festival","description":"Discover the program for the 8th NewImages Festival. See you from April 9 to 13, 2025 to discover all the works!","robots":{"index":"index","follow":"follow","max-snippet":"max-snippet:-1","max-image-preview":"max-image-preview:large","max-video-preview":"max-video-preview:-1"},"canonical":"https:\/\/newimages-hub.com\/en\/programmation-artistique-2025\/","og_locale":"en_US","og_type":"article","og_title":"Artistic program 2025 | NewImages Festival","og_description":"Discover the program for the 8th NewImages Festival. See you from April 9 to 13, 2025 to discover all the works!","og_url":"https:\/\/newimages-hub.com\/en\/programmation-artistique-2025\/","og_site_name":"NewImages Festival","article_publisher":"https:\/\/www.facebook.com\/Newimages.Festival\/","article_published_time":"2025-04-01T15:03:37+00:00","article_modified_time":"2025-04-01T15:09:47+00:00","og_image":[{"width":2400,"height":1260,"url":"https:\/\/newimages-hub.com\/wp-content\/uploads\/2025\/03\/V2FRnif25-banniere-2400x1260-1.jpg","type":"image\/jpeg"}],"author":"Maxime Raynault","twitter_card":"summary_large_image","twitter_creator":"@Newimages_Paris","twitter_site":"@Newimages_Paris","twitter_misc":{"Written by":"Maxime Raynault","Est. reading time":"5 minutes"},"schema":{"@context":"https:\/\/schema.org","@graph":[{"@type":"Article","@id":"https:\/\/newimages-hub.com\/en\/programmation-artistique-2025\/#article","isPartOf":{"@id":"https:\/\/newimages-hub.com\/en\/programmation-artistique-2025\/"},"author":{"name":"Maxime Raynault","@id":"https:\/\/newimages-hub.com\/en\/#\/schema\/person\/09c9f7eadb137ce1678842e2bc95ab2a"},"headline":"Artistic program 2025","datePublished":"2025-04-01T15:03:37+00:00","dateModified":"2025-04-01T15:09:47+00:00","mainEntityOfPage":{"@id":"https:\/\/newimages-hub.com\/en\/programmation-artistique-2025\/"},"wordCount":685,"publisher":{"@id":"https:\/\/newimages-hub.com\/en\/#organization"},"image":{"@id":"https:\/\/newimages-hub.com\/en\/programmation-artistique-2025\/#primaryimage"},"thumbnailUrl":"https:\/\/newimages-hub.com\/wp-content\/uploads\/2025\/03\/V2FRnif25-banniere-2400x1260-1.jpg","keywords":["cr\u00e9ation immersive","cr\u00e9ation num\u00e9rique","NewImages Festival","XR"],"inLanguage":"en-US"},{"@type":"WebPage","@id":"https:\/\/newimages-hub.com\/en\/programmation-artistique-2025\/","url":"https:\/\/newimages-hub.com\/en\/programmation-artistique-2025\/","name":"Artistic program 2025 | NewImages Festival","isPartOf":{"@id":"https:\/\/newimages-hub.com\/en\/#website"},"primaryImageOfPage":{"@id":"https:\/\/newimages-hub.com\/en\/programmation-artistique-2025\/#primaryimage"},"image":{"@id":"https:\/\/newimages-hub.com\/en\/programmation-artistique-2025\/#primaryimage"},"thumbnailUrl":"https:\/\/newimages-hub.com\/wp-content\/uploads\/2025\/03\/V2FRnif25-banniere-2400x1260-1.jpg","datePublished":"2025-04-01T15:03:37+00:00","dateModified":"2025-04-01T15:09:47+00:00","description":"Discover the program for the 8th NewImages Festival. See you from April 9 to 13, 2025 to discover all the works!","breadcrumb":{"@id":"https:\/\/newimages-hub.com\/en\/programmation-artistique-2025\/#breadcrumb"},"inLanguage":"en-US","potentialAction":[{"@type":"ReadAction","target":["https:\/\/newimages-hub.com\/en\/programmation-artistique-2025\/"]}]},{"@type":"ImageObject","inLanguage":"en-US","@id":"https:\/\/newimages-hub.com\/en\/programmation-artistique-2025\/#primaryimage","url":"https:\/\/newimages-hub.com\/wp-content\/uploads\/2025\/03\/V2FRnif25-banniere-2400x1260-1.jpg","contentUrl":"https:\/\/newimages-hub.com\/wp-content\/uploads\/2025\/03\/V2FRnif25-banniere-2400x1260-1.jpg","width":2400,"height":1260},{"@type":"BreadcrumbList","@id":"https:\/\/newimages-hub.com\/en\/programmation-artistique-2025\/#breadcrumb","itemListElement":[{"@type":"ListItem","position":1,"name":"Home","item":"https:\/\/newimages-hub.com\/en\/"},{"@type":"ListItem","position":2,"name":"Artistic program 2025"}]},{"@type":"WebSite","@id":"https:\/\/newimages-hub.com\/en\/#website","url":"https:\/\/newimages-hub.com\/en\/","name":"NewImages Festival","description":"Le festival de la cr\u00e9ation num\u00e9rique et des mondes virtuels","publisher":{"@id":"https:\/\/newimages-hub.com\/en\/#organization"},"potentialAction":[{"@type":"SearchAction","target":{"@type":"EntryPoint","urlTemplate":"https:\/\/newimages-hub.com\/en\/?s={search_term_string}"},"query-input":{"@type":"PropertyValueSpecification","valueRequired":true,"valueName":"search_term_string"}}],"inLanguage":"en-US"},{"@type":"Organization","@id":"https:\/\/newimages-hub.com\/en\/#organization","name":"NewImages Festival","url":"https:\/\/newimages-hub.com\/en\/","logo":{"@type":"ImageObject","inLanguage":"en-US","@id":"https:\/\/newimages-hub.com\/en\/#\/schema\/logo\/image\/","url":"https:\/\/newimages-hub.com\/wp-content\/uploads\/2025\/12\/NI_LOGO_ROSE_RVB-2.png","contentUrl":"https:\/\/newimages-hub.com\/wp-content\/uploads\/2025\/12\/NI_LOGO_ROSE_RVB-2.png","width":1181,"height":447,"caption":"NewImages Festival"},"image":{"@id":"https:\/\/newimages-hub.com\/en\/#\/schema\/logo\/image\/"},"sameAs":["https:\/\/www.facebook.com\/Newimages.Festival\/","https:\/\/x.com\/Newimages_Paris","http:\/\/newimages.festival","https:\/\/fr.linkedin.com\/company\/newimagesart\/"]},{"@type":"Person","@id":"https:\/\/newimages-hub.com\/en\/#\/schema\/person\/09c9f7eadb137ce1678842e2bc95ab2a","name":"Maxime Raynault","image":{"@type":"ImageObject","inLanguage":"en-US","@id":"https:\/\/newimages-hub.com\/en\/#\/schema\/person\/image\/","url":"https:\/\/secure.gravatar.com\/avatar\/9898deaec752eeebee3d159d6e267795?s=96&d=mm&r=g","contentUrl":"https:\/\/secure.gravatar.com\/avatar\/9898deaec752eeebee3d159d6e267795?s=96&d=mm&r=g","caption":"Maxime Raynault"},"url":"https:\/\/newimages-hub.com\/en\/author\/maxime-raynaultforumdesimages-fr\/"}]}},"_links":{"self":[{"href":"https:\/\/newimages-hub.com\/en\/wp-json\/wp\/v2\/posts\/73002","targetHints":{"allow":["GET"]}}],"collection":[{"href":"https:\/\/newimages-hub.com\/en\/wp-json\/wp\/v2\/posts"}],"about":[{"href":"https:\/\/newimages-hub.com\/en\/wp-json\/wp\/v2\/types\/post"}],"author":[{"embeddable":true,"href":"https:\/\/newimages-hub.com\/en\/wp-json\/wp\/v2\/users\/1644"}],"replies":[{"embeddable":true,"href":"https:\/\/newimages-hub.com\/en\/wp-json\/wp\/v2\/comments?post=73002"}],"version-history":[{"count":5,"href":"https:\/\/newimages-hub.com\/en\/wp-json\/wp\/v2\/posts\/73002\/revisions"}],"predecessor-version":[{"id":73009,"href":"https:\/\/newimages-hub.com\/en\/wp-json\/wp\/v2\/posts\/73002\/revisions\/73009"}],"wp:featuredmedia":[{"embeddable":true,"href":"https:\/\/newimages-hub.com\/en\/wp-json\/wp\/v2\/media\/72780"}],"wp:attachment":[{"href":"https:\/\/newimages-hub.com\/en\/wp-json\/wp\/v2\/media?parent=73002"}],"wp:term":[{"taxonomy":"post_tag","embeddable":true,"href":"https:\/\/newimages-hub.com\/en\/wp-json\/wp\/v2\/tags?post=73002"}],"curies":[{"name":"wp","href":"https:\/\/api.w.org\/{rel}","templated":true}]}}